{"id":559468,"date":"2025-11-26T07:50:11","date_gmt":"2025-11-26T07:50:11","guid":{"rendered":"https:\/\/www.europesays.com\/fr\/559468\/"},"modified":"2025-11-26T07:50:11","modified_gmt":"2025-11-26T07:50:11","slug":"letat-va-porter-plainte-contre-les-plateformes-aliexpress-et-joom-pour-vente-de-poupees-pedopornographiques","status":"publish","type":"post","link":"https:\/\/www.europesays.com\/fr\/559468\/","title":{"rendered":"L\u2019\u00c9tat va porter plainte contre les plateformes AliExpress et Joom pour vente de \u00abpoup\u00e9es p\u00e9dopornographiques\u00bb"},"content":{"rendered":"<p>\n    Apr\u00e8s Shein, les deux plateformes sont dans le viseur du gouvernement qui va les attaquer sur le plan judiciaire, annonce le ministre du Commerce Serge Papin ce mercredi.<\/p>\n<p class=\"fig-paragraph\">Apr\u00e8s Shein, les plateformes\u00a0<a href=\"http:\/\/www.lefigaro.fr\/conso\/shein-temu-aliexpress-86-des-jouets-vendus-sur-les-marketplaces-sont-dangereux-pour-les-enfants-alerte-une-etude-20251119\" data-fig-type=\"NewsFlash\" data-gtm-custom-categorie=\"navigation\" data-gtm-custom-action=\"crossclick\" data-gtm-custom-label=\"Contextuel\" data-gtm-event=\"customEventSPE\" data-fig-domain=\"LEFIGARO\" target=\"_blank\" rel=\"noopener\">AliExpress<\/a>\u00a0et\u00a0<a href=\"http:\/\/www.lefigaro.fr\/conso\/wish-temu-ebay-joom-apres-shein-ces-autres-plateformes-dans-le-viseur-du-gouvernement-pour-vente-de-produits-illegaux-20251115\" data-fig-type=\"NewsFlash\" data-gtm-custom-categorie=\"navigation\" data-gtm-custom-action=\"crossclick\" data-gtm-custom-label=\"Contextuel\" data-gtm-event=\"customEventSPE\" data-fig-domain=\"LEFIGARO\" target=\"_blank\" rel=\"noopener\">Joom\u00a0<\/a>sont attaqu\u00e9es par l\u2019\u00c9tat. \u00abIl va y avoir une plainte au judiciaire sur ces deux plateformes de la part de l\u2019\u00c9tat, car elles vendent aussi des\u00a0<a href=\"http:\/\/www.lefigaro.fr\/societes\/poupees-sexuelles-a-caractere-pedopornographique-shein-donnera-les-noms-des-acheteurs-a-la-justice-si-elle-le-demande-20251104\" data-fig-type=\"NewsFlash\" data-gtm-custom-categorie=\"navigation\" data-gtm-custom-action=\"crossclick\" data-gtm-custom-label=\"Contextuel\" data-gtm-event=\"customEventSPE\" data-fig-domain=\"LEFIGARO\" target=\"_blank\" rel=\"noopener\">poup\u00e9es p\u00e9dopornographiques<\/a> \u00bb, a indiqu\u00e9 le ministre du Commerce Serge Papin sur TF1 ce mercredi 26 novembre.<\/p>\n<p class=\"fig-paragraph\">Le gouvernement avait d\u00e9j\u00e0 attaqu\u00e9 Shein, et une audience doit d\u2019ailleurs se tenir ce m\u00eame jour lors de laquelle l\u2019\u00c9tat demandera la suspension de la plateforme pour trois mois.<\/p>\n<p>                                    <a class=\"fig-a11y-skip a11y-hidden\" href=\"#fig-a11y-skip-main-inarticle\"><br \/>\n        Passer la publicit\u00e9<br \/>\n    <\/a><\/p>\n<p>\u00abUn combat qui va \u00eatre long\u00bb<\/p>\n<p class=\"fig-paragraph\">\u00abIl faut qu\u2019on mette fin au Far West num\u00e9rique\u00bb, a-t-il plaid\u00e9, reconnaissant \u00eatre \u00abdans un combat, qui va \u00eatre long\u00bb face aux plateformes chinoises accus\u00e9es de ne pas respecter les r\u00e8gles fran\u00e7aises en inondant le march\u00e9 de produits illicites, pas aux normes et parfois dangereux.<\/p>\n<p class=\"fig-paragraph\">L\u2019objectif de l\u2019ex\u00e9cutif est double, puisqu\u2019il s\u2019agit \u00e9galement de prot\u00e9ger le commerce traditionnel menac\u00e9 par ces nouvelles plateformes. \u00abIl faut qu\u2019on am\u00e8ne une dose de protectionnisme\u00bb, a conc\u00e9d\u00e9 Serge Papin. Le ministre s\u2019en est \u00e9galement pris \u00e0 ceux qui d\u00e9fendent ces plateformes pour leurs prix bas qui profiteraient aux consommateurs les plus modestes\u00a0: \u00abCe sont de faux ap\u00f4tres du pouvoir d\u2019achat\u00a0!\u00bb<\/p>\n","protected":false},"excerpt":{"rendered":"Apr\u00e8s Shein, les deux plateformes sont dans le viseur du gouvernement qui va les attaquer sur le plan&hellip;\n","protected":false},"author":2,"featured_media":559469,"comment_status":"","ping_status":"","sticky":false,"template":"","format":"standard","meta":{"footnotes":""},"categories":[6],"tags":[1133,35,33,34,1011,27,2634],"class_list":{"0":"post-559468","1":"post","2":"type-post","3":"status-publish","4":"format-standard","5":"has-post-thumbnail","7":"category-economie","8":"tag-aliexpress","9":"tag-business","10":"tag-economie","11":"tag-economy","12":"tag-fr","13":"tag-france","14":"tag-plainte"},"share_on_mastodon":{"url":"https:\/\/pubeurope.com\/@fr\/115614910330019072","error":""},"_links":{"self":[{"href":"https:\/\/www.europesays.com\/fr\/wp-json\/wp\/v2\/posts\/559468","targetHints":{"allow":["GET"]}}],"collection":[{"href":"https:\/\/www.europesays.com\/fr\/wp-json\/wp\/v2\/posts"}],"about":[{"href":"https:\/\/www.europesays.com\/fr\/wp-json\/wp\/v2\/types\/post"}],"author":[{"embeddable":true,"href":"https:\/\/www.europesays.com\/fr\/wp-json\/wp\/v2\/users\/2"}],"replies":[{"embeddable":true,"href":"https:\/\/www.europesays.com\/fr\/wp-json\/wp\/v2\/comments?post=559468"}],"version-history":[{"count":0,"href":"https:\/\/www.europesays.com\/fr\/wp-json\/wp\/v2\/posts\/559468\/revisions"}],"wp:featuredmedia":[{"embeddable":true,"href":"https:\/\/www.europesays.com\/fr\/wp-json\/wp\/v2\/media\/559469"}],"wp:attachment":[{"href":"https:\/\/www.europesays.com\/fr\/wp-json\/wp\/v2\/media?parent=559468"}],"wp:term":[{"taxonomy":"category","embeddable":true,"href":"https:\/\/www.europesays.com\/fr\/wp-json\/wp\/v2\/categories?post=559468"},{"taxonomy":"post_tag","embeddable":true,"href":"https:\/\/www.europesays.com\/fr\/wp-json\/wp\/v2\/tags?post=559468"}],"curies":[{"name":"wp","href":"https:\/\/api.w.org\/{rel}","templated":true}]}}