{"id":559476,"date":"2025-11-26T07:54:13","date_gmt":"2025-11-26T07:54:13","guid":{"rendered":"https:\/\/www.europesays.com\/fr\/559476\/"},"modified":"2025-11-26T07:54:13","modified_gmt":"2025-11-26T07:54:13","slug":"les-pompiers-vendent-des-vehicules-reformes-et-divers-materiels","status":"publish","type":"post","link":"https:\/\/www.europesays.com\/fr\/559476\/","title":{"rendered":"les pompiers vendent des v\u00e9hicules r\u00e9form\u00e9s et divers mat\u00e9riels"},"content":{"rendered":"<p>Le Service d\u00e9partemental d\u2019incendie et de secours de la Loire (Sdis 42) organise une nouvelle vente aux ench\u00e8res en ligne, portant sur des v\u00e9hicules et mat\u00e9riels r\u00e9form\u00e9s. Cette derni\u00e8re se d\u00e9roulera exclusivement sur le site des Domaines, du vendredi 28\u00a0novembre \u00e0 10 heures au mardi 2\u00a0d\u00e9cembre \u00e0 10 heures (1).<\/p>\n<p>Comme \u00e0 chaque \u00e9v\u00e9nement de ce type, les soldats du feu lig\u00e9riens proposeront des v\u00e9hicules r\u00e9form\u00e9s (camions incendie, ambulances, utilitaires, v\u00e9hicules l\u00e9gers, remorques) mais aussi du mat\u00e9riel divers (motopompes, g\u00e9n\u00e9rateurs, outillage, \u00e9quipements techniques, informatique et bureautique).<\/p>\n<p>Les services du Sdis 42 pr\u00e9cisent que \u00ab\u00a0tous les biens sont d\u00e9sarm\u00e9s, banalis\u00e9s et vendus en l\u2019\u00e9tat\u00a0\u00bb. Une visite sur site est organis\u00e9e le vendredi 28\u00a0novembre, de 14\u00a0h\u00a030 \u00e0 16 heures, au Sdis de la Loire (2).<\/p>\n<p>  Des ventes \u00e0 des conditions avantageuses<\/p>\n<p>Comme l\u2019indiquent les pompiers, \u00ab\u00a0cette visite permettra aux personnes int\u00e9ress\u00e9es de visualiser certaines des pi\u00e8ces mises \u00e0 la vente, dans le respect des conditions d\u00e9finies par la plateforme d\u2019ench\u00e8res\u00a0\u00bb. Cette vente s\u2019adresse aux particuliers, collectionneurs, professionnels, entreprises ou toute personne recherchant du mat\u00e9riel r\u00e9form\u00e9 \u00e0 des conditions avantageuses.<\/p>\n<p>Les biens propos\u00e9s sont enti\u00e8rement amortis et ne sont plus op\u00e9rationnels \u00e0 des fins de secours.\u00a0Pour participer, il suffit de s\u2019inscrire sur le site des Domaines, d\u2019accepter les conditions g\u00e9n\u00e9rales d\u2019utilisation puis d\u2019ench\u00e9rir sur les lots souhait\u00e9s.<\/p>\n<p class=\"note\">(1) Les annonces seront visibles et les ench\u00e8res ouvertes sur la plateforme\u00a0: <a href=\"https:\/\/www.encheres-domaine.gouv.fr\" target=\"_blank\" rel=\"noopener\">https:\/\/www.encheres-domaine.gouv.fr<\/a><\/p>\n<p class=\"note\">(2) Sdis de la Loire, 8 rue du Chanoine-Ploton, 42000 Saint-\u00c9tienne.<\/p>\n","protected":false},"excerpt":{"rendered":"Le Service d\u00e9partemental d\u2019incendie et de secours de la Loire (Sdis 42) organise une nouvelle vente aux ench\u00e8res&hellip;\n","protected":false},"author":2,"featured_media":559477,"comment_status":"","ping_status":"","sticky":false,"template":"","format":"standard","meta":{"footnotes":""},"categories":[9653],"tags":[1111,11,2430,4406,33,7539,1777,674,1011,27,3367,12,25,4001,7538,104,2803],"class_list":{"0":"post-559476","1":"post","2":"type-post","3":"status-publish","4":"format-standard","5":"has-post-thumbnail","7":"category-saint-etienne","8":"tag-actu","9":"tag-actualites","10":"tag-auvergne-rhone-alpes","11":"tag-commerce-et-services","12":"tag-economie","13":"tag-edition-loire-sud","14":"tag-eu","15":"tag-europe","16":"tag-fr","17":"tag-france","18":"tag-loire","19":"tag-news","20":"tag-republique-francaise","21":"tag-saint-etienne","22":"tag-saint-etienne-ville","23":"tag-societe","24":"tag-transport"},"share_on_mastodon":{"url":"https:\/\/pubeurope.com\/@fr\/115614925729952322","error":""},"_links":{"self":[{"href":"https:\/\/www.europesays.com\/fr\/wp-json\/wp\/v2\/posts\/559476","targetHints":{"allow":["GET"]}}],"collection":[{"href":"https:\/\/www.europesays.com\/fr\/wp-json\/wp\/v2\/posts"}],"about":[{"href":"https:\/\/www.europesays.com\/fr\/wp-json\/wp\/v2\/types\/post"}],"author":[{"embeddable":true,"href":"https:\/\/www.europesays.com\/fr\/wp-json\/wp\/v2\/users\/2"}],"replies":[{"embeddable":true,"href":"https:\/\/www.europesays.com\/fr\/wp-json\/wp\/v2\/comments?post=559476"}],"version-history":[{"count":0,"href":"https:\/\/www.europesays.com\/fr\/wp-json\/wp\/v2\/posts\/559476\/revisions"}],"wp:featuredmedia":[{"embeddable":true,"href":"https:\/\/www.europesays.com\/fr\/wp-json\/wp\/v2\/media\/559477"}],"wp:attachment":[{"href":"https:\/\/www.europesays.com\/fr\/wp-json\/wp\/v2\/media?parent=559476"}],"wp:term":[{"taxonomy":"category","embeddable":true,"href":"https:\/\/www.europesays.com\/fr\/wp-json\/wp\/v2\/categories?post=559476"},{"taxonomy":"post_tag","embeddable":true,"href":"https:\/\/www.europesays.com\/fr\/wp-json\/wp\/v2\/tags?post=559476"}],"curies":[{"name":"wp","href":"https:\/\/api.w.org\/{rel}","templated":true}]}}