{"id":559480,"date":"2025-11-26T07:56:29","date_gmt":"2025-11-26T07:56:29","guid":{"rendered":"https:\/\/www.europesays.com\/fr\/559480\/"},"modified":"2025-11-26T07:56:29","modified_gmt":"2025-11-26T07:56:29","slug":"projection-du-film-jeunes-meres","status":"publish","type":"post","link":"https:\/\/www.europesays.com\/fr\/559480\/","title":{"rendered":"Projection du film Jeunes m\u00e8res"},"content":{"rendered":"<p>Dans le cadre de la journ\u00e9e internationale de lutte contre les violences \u00e0 l\u2019\u00e9gard des femmes et des filles, Soroptimist Nancy propose une projection du film Jeunes m\u00e8res , de Jean-Pierre et Luc Dardenne. Le film relate le parcours de cinq adolescentes h\u00e9berg\u00e9es dans une maison maternelle qui les aide dans leur vie de jeune m\u00e8re. Les b\u00e9n\u00e9fices de la soir\u00e9e seront affect\u00e9s \u00e0 un projet de pr\u00e9vention contre les violences sexistes et sexuelles au lyc\u00e9e.<\/p>\n<p class=\"note\">Jeudi 27 novembre, \u00e0 20 h, au cin\u00e9ma Royal, 18, rue Saint-Livier, \u00e0 Saint-Max. Tarif : 13 \u20ac.<\/p>\n","protected":false},"excerpt":{"rendered":"Dans le cadre de la journ\u00e9e internationale de lutte contre les violences \u00e0 l\u2019\u00e9gard des femmes et des&hellip;\n","protected":false},"author":2,"featured_media":559481,"comment_status":"","ping_status":"","sticky":false,"template":"","format":"standard","meta":{"footnotes":""},"categories":[9635],"tags":[1111,11,650,1687,1704,1777,674,1011,27,775,11260,1702,12,25,16937],"class_list":{"0":"post-559480","1":"post","2":"type-post","3":"status-publish","4":"format-standard","5":"has-post-thumbnail","7":"category-nancy","8":"tag-actu","9":"tag-actualites","10":"tag-cinema","11":"tag-culture-loisirs","12":"tag-edition-nancy-et-agglomeration","13":"tag-eu","14":"tag-europe","15":"tag-fr","16":"tag-france","17":"tag-grand-est","18":"tag-metropole-du-grand-nancy-54b4","19":"tag-nancy","20":"tag-news","21":"tag-republique-francaise","22":"tag-saint-max"},"share_on_mastodon":{"url":"https:\/\/pubeurope.com\/@fr\/115614933596640291","error":""},"_links":{"self":[{"href":"https:\/\/www.europesays.com\/fr\/wp-json\/wp\/v2\/posts\/559480","targetHints":{"allow":["GET"]}}],"collection":[{"href":"https:\/\/www.europesays.com\/fr\/wp-json\/wp\/v2\/posts"}],"about":[{"href":"https:\/\/www.europesays.com\/fr\/wp-json\/wp\/v2\/types\/post"}],"author":[{"embeddable":true,"href":"https:\/\/www.europesays.com\/fr\/wp-json\/wp\/v2\/users\/2"}],"replies":[{"embeddable":true,"href":"https:\/\/www.europesays.com\/fr\/wp-json\/wp\/v2\/comments?post=559480"}],"version-history":[{"count":0,"href":"https:\/\/www.europesays.com\/fr\/wp-json\/wp\/v2\/posts\/559480\/revisions"}],"wp:featuredmedia":[{"embeddable":true,"href":"https:\/\/www.europesays.com\/fr\/wp-json\/wp\/v2\/media\/559481"}],"wp:attachment":[{"href":"https:\/\/www.europesays.com\/fr\/wp-json\/wp\/v2\/media?parent=559480"}],"wp:term":[{"taxonomy":"category","embeddable":true,"href":"https:\/\/www.europesays.com\/fr\/wp-json\/wp\/v2\/categories?post=559480"},{"taxonomy":"post_tag","embeddable":true,"href":"https:\/\/www.europesays.com\/fr\/wp-json\/wp\/v2\/tags?post=559480"}],"curies":[{"name":"wp","href":"https:\/\/api.w.org\/{rel}","templated":true}]}}