{"id":559492,"date":"2025-11-26T08:02:11","date_gmt":"2025-11-26T08:02:11","guid":{"rendered":"https:\/\/www.europesays.com\/fr\/559492\/"},"modified":"2025-11-26T08:02:11","modified_gmt":"2025-11-26T08:02:11","slug":"rouen-les-pompiers-deploient-lechelle-de-leur-camion-rue-du-general-leclerc","status":"publish","type":"post","link":"https:\/\/www.europesays.com\/fr\/559492\/","title":{"rendered":"Rouen. Les pompiers d\u00e9ploient l&rsquo;\u00e9chelle de leur camion rue du G\u00e9n\u00e9ral Leclerc"},"content":{"rendered":"<p melodystyle=\"texte\">Peu avant 8h30 ce mercredi 26\u00a0novembre, les pompiers sont intervenus rue du G\u00e9n\u00e9ral Leclerc \u00e0 Rouen au niveau de l&rsquo;arr\u00eat de bus Teor R\u00e9publique en direction du Th\u00e9\u00e2tre des Arts. Selon la police pr\u00e9sente sur place, les pompiers auraient d\u00e9ploy\u00e9 leur \u00e9chelle pour secourir \u00ab\u00a0une personne \u00e2g\u00e9e qui est tomb\u00e9e chez elle\u00a0\u00bb. N&rsquo;ayant pas acc\u00e8s \u00e0 son domicile, ils ont d\u00fb passer par la fen\u00eatre pour lui venir en aide.<\/p>\n<p melodystyle=\"texte\">Cette intervention perturbe actuellement le trafic des bus Teor.<\/p>\n","protected":false},"excerpt":{"rendered":"Peu avant 8h30 ce mercredi 26\u00a0novembre, les pompiers sont intervenus rue du G\u00e9n\u00e9ral Leclerc \u00e0 Rouen au niveau&hellip;\n","protected":false},"author":2,"featured_media":559493,"comment_status":"","ping_status":"","sticky":false,"template":"","format":"standard","meta":{"footnotes":""},"categories":[9587],"tags":[1111,11,1777,674,1011,27,12,5161,25,9590],"class_list":{"0":"post-559492","1":"post","2":"type-post","3":"status-publish","4":"format-standard","5":"has-post-thumbnail","7":"category-rouen","8":"tag-actu","9":"tag-actualites","10":"tag-eu","11":"tag-europe","12":"tag-fr","13":"tag-france","14":"tag-news","15":"tag-normandie","16":"tag-republique-francaise","17":"tag-rouen"},"share_on_mastodon":{"url":"https:\/\/pubeurope.com\/@fr\/115614957383499570","error":""},"_links":{"self":[{"href":"https:\/\/www.europesays.com\/fr\/wp-json\/wp\/v2\/posts\/559492","targetHints":{"allow":["GET"]}}],"collection":[{"href":"https:\/\/www.europesays.com\/fr\/wp-json\/wp\/v2\/posts"}],"about":[{"href":"https:\/\/www.europesays.com\/fr\/wp-json\/wp\/v2\/types\/post"}],"author":[{"embeddable":true,"href":"https:\/\/www.europesays.com\/fr\/wp-json\/wp\/v2\/users\/2"}],"replies":[{"embeddable":true,"href":"https:\/\/www.europesays.com\/fr\/wp-json\/wp\/v2\/comments?post=559492"}],"version-history":[{"count":0,"href":"https:\/\/www.europesays.com\/fr\/wp-json\/wp\/v2\/posts\/559492\/revisions"}],"wp:featuredmedia":[{"embeddable":true,"href":"https:\/\/www.europesays.com\/fr\/wp-json\/wp\/v2\/media\/559493"}],"wp:attachment":[{"href":"https:\/\/www.europesays.com\/fr\/wp-json\/wp\/v2\/media?parent=559492"}],"wp:term":[{"taxonomy":"category","embeddable":true,"href":"https:\/\/www.europesays.com\/fr\/wp-json\/wp\/v2\/categories?post=559492"},{"taxonomy":"post_tag","embeddable":true,"href":"https:\/\/www.europesays.com\/fr\/wp-json\/wp\/v2\/tags?post=559492"}],"curies":[{"name":"wp","href":"https:\/\/api.w.org\/{rel}","templated":true}]}}