{"id":559494,"date":"2025-11-26T08:03:37","date_gmt":"2025-11-26T08:03:37","guid":{"rendered":"https:\/\/www.europesays.com\/fr\/559494\/"},"modified":"2025-11-26T08:03:37","modified_gmt":"2025-11-26T08:03:37","slug":"le-centre-de-culture-urbaine-se-devoile-a-lancienne-piscine-oceade-a-rouen","status":"publish","type":"post","link":"https:\/\/www.europesays.com\/fr\/559494\/","title":{"rendered":"le centre de culture urbaine se d\u00e9voile \u00e0 l&rsquo;ancienne piscine Oc\u00e9ade \u00e0 Rouen"},"content":{"rendered":"<p>Plus de 30 ans apr\u00e8s sa fermeture, le centre aquatique Oc\u00e9ade \u00e0 Rouen sur l&rsquo;Ile Lacroix commence enfin \u00e0 sortir de son long sommeil. Le site en friche, qui fait le bonheur aujourd&rsquo;hui des graffeurs ou des amateurs d&rsquo;urbex, va bient\u00f4t rena\u00eetre de ses cendres sous l&rsquo;impulsion de la M\u00e9tropole de Rouen qui veut en faire un centre de cultures urbaines \u00e0 horizon 2029. Le projet est en cours depuis 2023 et aucun chantier n&rsquo;a \u00e9t\u00e9 lanc\u00e9 pour l&rsquo;heure mais la M\u00e9tropole vient de r\u00e9v\u00e9ler les premi\u00e8res images de sa r\u00e9habilitation future et le choix de l&rsquo;architecte pour les plans :\u00a0l&rsquo;agence Jean-Pierre Lott. Malgr\u00e9 la v\u00e9tust\u00e9 du site situ\u00e9 juste derri\u00e8re la patinoire et la piscine, le projet consiste bien \u00e0 r\u00e9habiliter les lieux et non les d\u00e9molir. \u00ab\u00a0Plut\u00f4t que de tout casser on reconstruit un \u00e9quipement sur l&rsquo;\u00e9quipement\u00a0\u00bb, lance le maire de la ville et pr\u00e9sident de la M\u00e9tropole, Nicolas Mayer Rossignol, avant de poursuivre\u00a0: \u00ab\u00a0Tout est sur les rails.\u00a0\u00bb<\/p>\n<p class=\"article_photo\" data-num=\"2\"><img decoding=\"async\" alt=\"L'entr\u00e9e du futur centre rappelle le visuel d'une rampe de skatepark.\" src=\"https:\/\/www.europesays.com\/fr\/wp-content\/uploads\/2025\/11\/6437-tab.jpg\"\/>L&rsquo;entr\u00e9e du futur centre rappelle le visuel d&rsquo;une rampe de skatepark. &#8211; Agence Jean-Pierre LOTT \/ IVAN ROBIN<\/p>\n<p>\u00a0<\/p>\n<p>Comme envisag\u00e9 depuis le d\u00e9but du projet, l&rsquo;ancienne piscine va \u00eatre transform\u00e9e en skatepark, ou \u00ab\u00a0salle de sports de glisse\u00a0\u00bb, sur 1 800m\u00b2, pouvant \u00eatre utilis\u00e9 pour le skate, la trottinette, le BMX et le roller. Cette nouvelle installation est cens\u00e9e remplacer l&rsquo;actuel skatepark de Rouen destin\u00e9 \u00e0 la destruction pour laisser place au d\u00e9veloppement du quartier Flaubert. Ce dernier sera ferm\u00e9 d\u00e8s lors que le nouvel \u00e9quipement sera mis en service. Le mobilier n&rsquo;est pas encore pr\u00eat. L&rsquo;architecte et la M\u00e9tropole vont concerter les diff\u00e9rents clubs locaux pour conna\u00eetre leurs envies en mati\u00e8re de modules de glisse. Une tribune a m\u00eame \u00e9t\u00e9 imagin\u00e9e afin de pouvoir accueillir du public en vue de l&rsquo;organisation de comp\u00e9tition nationale. \u00ab\u00a0Il y a actuellement 1\u00a0500 licenci\u00e9s qui pratiquent sur l&rsquo;Ile Lacroix tous clubs confondus, avec ce nouvel \u00e9quipement on peut imaginer 1\u00a0000 licenci\u00e9s de plus\u00a0\u00bb, lance Sarah Vauzelle, adjointe au maire Sport, jeunesse et vie \u00e9tudiante.<\/p>\n<p class=\"article_photo\" data-num=\"3\"><img decoding=\"async\" alt=\"Les Rouennais pourront deviner la forme pyramidale de la structure au loin.\" src=\"https:\/\/www.europesays.com\/fr\/wp-content\/uploads\/2025\/11\/4097-tab.jpg\"\/>Les Rouennais pourront deviner la forme pyramidale de la structure au loin. &#8211; Agence Jean-Pierre LOTT \/ IVAN ROBIN<\/p>\n<p>\u00a0<\/p>\n<p>La M\u00e9tropole veut aussi faire la lumi\u00e8re sur la breakdance, le parkour et le graff, trois disciplines qui trouveront leur place avec des am\u00e9nagements d\u00e9di\u00e9s \u00e0 l&rsquo;int\u00e9rieur \u00e0 travers une extension du site pour atteindre les 3\u00a0600m\u00b2 de surface totale avec la partie ext\u00e9rieure qui int\u00e9grera des terrains de basket et de foot. \u00ab\u00a0Le lieu manquait d&rsquo;identit\u00e9\u00a0\u00bb, lance durant la pr\u00e9sentation l&rsquo;architecte Jean-Pierre Lott qui a imagin\u00e9 le b\u00e2timent principal en forme de pyramide.<\/p>\n<p class=\"article_photo\" data-num=\"4\"><img decoding=\"async\" alt=\"Ici le hall du futur centre de culture urbaine. Ce dernier va accueillir un long mur d\u00e9di\u00e9 \u00e0 la pratique du graff.\" src=\"https:\/\/www.europesays.com\/fr\/wp-content\/uploads\/2025\/11\/61-tab.jpg\"\/>Ici le hall du futur centre de culture urbaine. Ce dernier va accueillir un long mur d\u00e9di\u00e9 \u00e0 la pratique du graff. &#8211; Agence Jean-Pierre LOTT \/ IVAN ROBIN<\/p>\n<p>\u00a0<\/p>\n<p>L&rsquo;entr\u00e9e du futur centre de cultures urbaines \u00e9voque, elle, la vue lat\u00e9rale d&rsquo;une rampe de skate ou d&rsquo;une vague, <a href=\"https:\/\/jplott.fr\/projets-tous\/\" target=\"_blank\" rel=\"noopener\">dans la lign\u00e9e des autres r\u00e9alisations de Jean-Pierre Lott \u00e0 Monaco, Reims ou Strasbourg<\/a>.<\/p>\n<p>Le co\u00fbt du chantier est estim\u00e9 \u00e0 environ 18\u00a0millions d&rsquo;euros, subventions comprises (Europe, Etat, R\u00e9gion Normandie et D\u00e9partement de Seine-Maritime).<\/p>\n<p>Si le nouveau projet sera enti\u00e8rement public, l&rsquo;ancienne piscine ouverte en 1989, elle, \u00e9tait g\u00e9r\u00e9e par une structure priv\u00e9e qui avait \u00e9t\u00e9 contrainte de fermer la piscine apr\u00e8s seulement deux ans d&rsquo;exploitation en raison d&rsquo;un mod\u00e8le \u00e9conomique fragile.<\/p>\n<p class=\"article_photo\" data-num=\"5\"><img decoding=\"async\" alt=\"Voici le site tel qu'il est aujourd'hui. Ouverte en 1989, l'ancienne piscine avait d\u00fb fermer ses portes apr\u00e8s une mauvaise gestion financi\u00e8re.\" src=\"https:\/\/www.europesays.com\/fr\/wp-content\/uploads\/2025\/11\/1982-tab.jpg\"\/>Voici le site tel qu&rsquo;il est aujourd&rsquo;hui. Ouverte en 1989, l&rsquo;ancienne piscine avait d\u00fb fermer ses portes apr\u00e8s une mauvaise gestion financi\u00e8re.<\/p>\n<p>\u00a0<\/p>\n<p style=\"font-weight: bold; color: #000;\">\u00a0<\/p>\n","protected":false},"excerpt":{"rendered":"Plus de 30 ans apr\u00e8s sa fermeture, le centre aquatique Oc\u00e9ade \u00e0 Rouen sur l&rsquo;Ile Lacroix commence enfin&hellip;\n","protected":false},"author":2,"featured_media":559495,"comment_status":"","ping_status":"","sticky":false,"template":"","format":"standard","meta":{"footnotes":""},"categories":[9587],"tags":[1111,11,1777,674,1011,27,12,5161,25,9590],"class_list":{"0":"post-559494","1":"post","2":"type-post","3":"status-publish","4":"format-standard","5":"has-post-thumbnail","7":"category-rouen","8":"tag-actu","9":"tag-actualites","10":"tag-eu","11":"tag-europe","12":"tag-fr","13":"tag-france","14":"tag-news","15":"tag-normandie","16":"tag-republique-francaise","17":"tag-rouen"},"share_on_mastodon":{"url":"https:\/\/pubeurope.com\/@fr\/115614962165140404","error":""},"_links":{"self":[{"href":"https:\/\/www.europesays.com\/fr\/wp-json\/wp\/v2\/posts\/559494","targetHints":{"allow":["GET"]}}],"collection":[{"href":"https:\/\/www.europesays.com\/fr\/wp-json\/wp\/v2\/posts"}],"about":[{"href":"https:\/\/www.europesays.com\/fr\/wp-json\/wp\/v2\/types\/post"}],"author":[{"embeddable":true,"href":"https:\/\/www.europesays.com\/fr\/wp-json\/wp\/v2\/users\/2"}],"replies":[{"embeddable":true,"href":"https:\/\/www.europesays.com\/fr\/wp-json\/wp\/v2\/comments?post=559494"}],"version-history":[{"count":0,"href":"https:\/\/www.europesays.com\/fr\/wp-json\/wp\/v2\/posts\/559494\/revisions"}],"wp:featuredmedia":[{"embeddable":true,"href":"https:\/\/www.europesays.com\/fr\/wp-json\/wp\/v2\/media\/559495"}],"wp:attachment":[{"href":"https:\/\/www.europesays.com\/fr\/wp-json\/wp\/v2\/media?parent=559494"}],"wp:term":[{"taxonomy":"category","embeddable":true,"href":"https:\/\/www.europesays.com\/fr\/wp-json\/wp\/v2\/categories?post=559494"},{"taxonomy":"post_tag","embeddable":true,"href":"https:\/\/www.europesays.com\/fr\/wp-json\/wp\/v2\/tags?post=559494"}],"curies":[{"name":"wp","href":"https:\/\/api.w.org\/{rel}","templated":true}]}}