{"id":559496,"date":"2025-11-26T08:04:27","date_gmt":"2025-11-26T08:04:27","guid":{"rendered":"https:\/\/www.europesays.com\/fr\/559496\/"},"modified":"2025-11-26T08:04:27","modified_gmt":"2025-11-26T08:04:27","slug":"une-decision-injuste-mais-que-je-respecte","status":"publish","type":"post","link":"https:\/\/www.europesays.com\/fr\/559496\/","title":{"rendered":"\u00ab\u00a0Une d\u00e9cision injuste mais que je respecte\u00a0\u00bb"},"content":{"rendered":"<p>On apprenait ce lundi que La France insoumise (LFI) avait d\u00e9cid\u00e9 <a href=\"https:\/\/www.ledauphine.com\/elections\/2025\/11\/24\/echirolles-zaim-bouhafs-suspendu-de-lfi-pour-son-soutien-a-amandine-demore#PlugCommentsList2\" target=\"_blank\" rel=\"noopener\">de suspendre<\/a> , Za\u00efm Bouhafs \u00ab\u00a0au moins jusqu\u2019\u00e0 la fin des \u00e9lections municipales de 2026\u00a0\u00bb, pour \u00ab\u00a0non-respect des proc\u00e9dures de d\u00e9signation des candidats soutenus par La France insoumise\u00a0\u00bb. Alors que le mouvement a d\u00e9sign\u00e9 <a href=\"https:\/\/www.ledauphine.com\/elections\/2025\/09\/29\/ouvrir-une-nouvelle-page-le-parti-echirolles-a-venir-rassemble-des-elus-de-gauche-et-les-ecologistes\" target=\"_blank\" rel=\"noopener\"> Antar Labiod<\/a> pour le repr\u00e9senter au scrutin de mars prochain, l\u2019\u00e9lu \u00e9chirollois a apport\u00e9 son soutien \u00e0 la maire communiste <a href=\"https:\/\/www.ledauphine.com\/p\/amandine-demore\" target=\"_blank\" rel=\"noopener\">Amandine Demore<\/a> (qui n\u2019est pas officiellement en campagne pour l\u2019heure mais dont la future candidature fait peu de doutes).<\/p>\n<p>Depuis le d\u00e9but du mandat, il fait par ailleurs partie de la majorit\u00e9 municipale, aux c\u00f4t\u00e9s de Renzo Sulli puis d\u2019Amandine Demore, avec son groupe les \u201cInsoumis unitaires\u201d qui compte quatre \u00e9lus.<\/p>\n<p>Apr\u00e8s l\u2019annonce de LFI, Za\u00efm Bouhafs d\u00e9clare avoir \u00ab\u00a0pris note\u00a0\u00bb de sa suspension par le Comit\u00e9 de respect des principes\u00a0: \u00ab\u00a0Je trouve que cette d\u00e9cision est injuste mais je la respecte, explique-t-il.\u00a0Je suis un Insoumis de la premi\u00e8re heure, le premier \u00e0 avoir cr\u00e9\u00e9 un groupe d\u2019appui \u00e0 \u00c9chirolles et je resterai fid\u00e8le \u00e0 Jean-Luc M\u00e9lenchon\u00a0\u00bb. Et d\u2019ajouter\u00a0: \u00ab\u00a0J\u2019ai fait le choix de soutenir Amandine Demore car je suis convaincu qu\u2019elle seule est en mesure de mettre en pratique un r\u00e9el programme de rupture qui convient le mieux aux attentes des habitants d\u2019\u00c9chirolles et de constituer un rempart contre l\u2019extr\u00eame droite qui repr\u00e9sente un r\u00e9el danger pour notre d\u00e9mocratie\u00a0\u00bb.<\/p>\n","protected":false},"excerpt":{"rendered":"On apprenait ce lundi que La France insoumise (LFI) avait d\u00e9cid\u00e9 de suspendre , Za\u00efm Bouhafs \u00ab\u00a0au moins&hellip;\n","protected":false},"author":2,"featured_media":559497,"comment_status":"","ping_status":"","sticky":false,"template":"","format":"standard","meta":{"footnotes":""},"categories":[9566],"tags":[1111,11,2430,9852,9853,112,4188,1777,674,1011,27,2731,108,2338,12,316,25],"class_list":{"0":"post-559496","1":"post","2":"type-post","3":"status-publish","4":"format-standard","5":"has-post-thumbnail","7":"category-grenoble","8":"tag-actu","9":"tag-actualites","10":"tag-auvergne-rhone-alpes","11":"tag-echirolles","12":"tag-echirolles-bassin","13":"tag-edition-grenoble-agglomeration","14":"tag-elections-municipales","15":"tag-eu","16":"tag-europe","17":"tag-fr","18":"tag-france","19":"tag-grenoble","20":"tag-isere","21":"tag-la-france-insoumise","22":"tag-news","23":"tag-politique","24":"tag-republique-francaise"},"share_on_mastodon":{"url":"https:\/\/pubeurope.com\/@fr\/115614965160585346","error":""},"_links":{"self":[{"href":"https:\/\/www.europesays.com\/fr\/wp-json\/wp\/v2\/posts\/559496","targetHints":{"allow":["GET"]}}],"collection":[{"href":"https:\/\/www.europesays.com\/fr\/wp-json\/wp\/v2\/posts"}],"about":[{"href":"https:\/\/www.europesays.com\/fr\/wp-json\/wp\/v2\/types\/post"}],"author":[{"embeddable":true,"href":"https:\/\/www.europesays.com\/fr\/wp-json\/wp\/v2\/users\/2"}],"replies":[{"embeddable":true,"href":"https:\/\/www.europesays.com\/fr\/wp-json\/wp\/v2\/comments?post=559496"}],"version-history":[{"count":0,"href":"https:\/\/www.europesays.com\/fr\/wp-json\/wp\/v2\/posts\/559496\/revisions"}],"wp:featuredmedia":[{"embeddable":true,"href":"https:\/\/www.europesays.com\/fr\/wp-json\/wp\/v2\/media\/559497"}],"wp:attachment":[{"href":"https:\/\/www.europesays.com\/fr\/wp-json\/wp\/v2\/media?parent=559496"}],"wp:term":[{"taxonomy":"category","embeddable":true,"href":"https:\/\/www.europesays.com\/fr\/wp-json\/wp\/v2\/categories?post=559496"},{"taxonomy":"post_tag","embeddable":true,"href":"https:\/\/www.europesays.com\/fr\/wp-json\/wp\/v2\/tags?post=559496"}],"curies":[{"name":"wp","href":"https:\/\/api.w.org\/{rel}","templated":true}]}}