{"id":559498,"date":"2025-11-26T08:05:13","date_gmt":"2025-11-26T08:05:13","guid":{"rendered":"https:\/\/www.europesays.com\/fr\/559498\/"},"modified":"2025-11-26T08:05:13","modified_gmt":"2025-11-26T08:05:13","slug":"video-decoder-la-lumiere-cachee-des-tissus-vivants-echosciences","status":"publish","type":"post","link":"https:\/\/www.europesays.com\/fr\/559498\/","title":{"rendered":"[Vid\u00e9o] D\u00e9coder la lumi\u00e8re cach\u00e9e des tissus vivants | ECHOSCIENCES"},"content":{"rendered":"<p><b>Les techniques d\u2019imagerie optique de tissus biologiques utilis\u00e9es actuellement ne permettent pas de voir l\u2019int\u00e9rieur-m\u00eame des tissus. La lumi\u00e8re s\u2019y diffuse et il n\u2019est pas possible de r\u00e9cup\u00e9rer de donn\u00e9es li\u00e9es aux photons pour construire une image en profondeur.<\/b><\/p>\n<p>Au laboratoire interdisciplinaire de physique de Grenoble, une \u00e9quipe travaille sur une m\u00e9thode innovante, en mettant \u00e0 profit des techniques d\u2019imagerie photoacoustique. Les tissus sont excit\u00e9s avec des impulsions de lumi\u00e8re br\u00e8ve et des sondes \u00e9chographiques r\u00e9cup\u00e8rent les ultrasons g\u00e9n\u00e9r\u00e9s par \u00e0 un ph\u00e9nom\u00e8ne thermo\u00e9lastique. <\/p>\n<p>Un travail de traitement du signal est ensuite n\u00e9cessaire pour reconstituer l\u2019image. L\u2019objectif de ce projet est de parvenir \u00e0 imager des vaisseaux sanguins afin de d\u00e9terminer l&rsquo;abondance de sang pr\u00e9sent dans chaque pixel et d\u2019am\u00e9liorer l\u2019aspect quantitatif de l\u2019imagerie photoacoustique.<\/p>\n<p>Les premiers r\u00e9sultats in vitro sont prometteurs et ouvrent la voie \u00e0 de prochaines d\u00e9monstrations in vivo, qui pourront peut-\u00eatre \u00e0 termes contribuer au d\u00e9veloppement de techniques permettant d\u2019obtenir des informations quantitatives dans les domaines de la canc\u00e9rologie notamment.<\/p>\n<p>Pour en savoir plus sur le projet FULBOX, n\u2019h\u00e9sitez pas \u00e0 d\u00e9couvrir l\u2019\u00e9pisode la s\u00e9rie Concentr\u00e9 de sciences qui lui est consacr\u00e9 ! \ud83d\udc49 <a href=\"https:\/\/youtu.be\/Q-9k6mWbfEM\" target=\"_blank\" rel=\"noopener\">D\u00e9coder la lumi\u00e8re cach\u00e9e des tissus vivants<\/a><\/p>\n<p>_ _ _<\/p>\n<p><b>R<\/b><b>etrouvez toutes les vid\u00e9os de la d\u00e9l\u00e9gation Alpes sur notre cha\u00eene youtube<\/b> \ud83d\udc49 <a href=\"https:\/\/www.youtube.com\/@cnrsalpes\" target=\"_blank\" rel=\"noopener\">CNRS Alpes<\/a><\/p>\n<p>Pour <b>en savoir plus<\/b> sur :<\/p>\n<p>&#8211; la <a href=\"https:\/\/www.alpes.cnrs.fr\/fr\" target=\"_blank\" rel=\"noopener\">d\u00e9l\u00e9gation Alpes du CNRS<\/a><\/p>\n<p>&#8211; tous les <a href=\"https:\/\/www.alpes.cnrs.fr\/fr\/science-pour-tous\" target=\"_blank\" rel=\"noopener\">projets \u00ab Sciences avec et pour la soci\u00e9t\u00e9 \u00bb<\/a> (articles, vid\u00e9os, conf\u00e9rences\u2026) \u00e0 destination du plus grand nombre<\/p>\n<p>&#8211; le Laboratoire interdisciplinaire de physique : \ud83d\udc49 <a href=\"https:\/\/liphy.univ-grenoble-alpes.fr\/fr\" target=\"_blank\" rel=\"noopener\">https:\/\/liphy.univ-grenoble-alpes.fr\/fr<\/a><\/p>\n<p>&#8211; L\u2019\u00e9quipe Optiques et Imageries &#8211; Optima \ud83d\udc49 <a href=\"https:\/\/liphy.univ-grenoble-alpes.fr\/fr\/recherche\/equipes\/optima-optique-et-imageries\" target=\"_blank\" rel=\"noopener\">https:\/\/liphy.univ-grenoble-alpes.fr\/fr\/recherche\/equipes\/optima-optique-et-imageries<\/a><\/p>\n<p>_ _ _<\/p>\n<p>Ces recherches et cet \u00e9pisode de Concentr\u00e9 de sciences ont \u00e9t\u00e9 financ\u00e9s en tout ou partie par l\u2019Agence Nationale de la Recherche.<\/p>\n<p>Cr\u00e9dit illustration : Kam Production<\/p>\n","protected":false},"excerpt":{"rendered":"Les techniques d\u2019imagerie optique de tissus biologiques utilis\u00e9es actuellement ne permettent pas de voir l\u2019int\u00e9rieur-m\u00eame des tissus. La&hellip;\n","protected":false},"author":2,"featured_media":559499,"comment_status":"","ping_status":"","sticky":false,"template":"","format":"standard","meta":{"footnotes":""},"categories":[9566],"tags":[1111,11,2430,1777,674,1011,27,2731,12,25],"class_list":{"0":"post-559498","1":"post","2":"type-post","3":"status-publish","4":"format-standard","5":"has-post-thumbnail","7":"category-grenoble","8":"tag-actu","9":"tag-actualites","10":"tag-auvergne-rhone-alpes","11":"tag-eu","12":"tag-europe","13":"tag-fr","14":"tag-france","15":"tag-grenoble","16":"tag-news","17":"tag-republique-francaise"},"share_on_mastodon":{"url":"https:\/\/pubeurope.com\/@fr\/115614968984741103","error":""},"_links":{"self":[{"href":"https:\/\/www.europesays.com\/fr\/wp-json\/wp\/v2\/posts\/559498","targetHints":{"allow":["GET"]}}],"collection":[{"href":"https:\/\/www.europesays.com\/fr\/wp-json\/wp\/v2\/posts"}],"about":[{"href":"https:\/\/www.europesays.com\/fr\/wp-json\/wp\/v2\/types\/post"}],"author":[{"embeddable":true,"href":"https:\/\/www.europesays.com\/fr\/wp-json\/wp\/v2\/users\/2"}],"replies":[{"embeddable":true,"href":"https:\/\/www.europesays.com\/fr\/wp-json\/wp\/v2\/comments?post=559498"}],"version-history":[{"count":0,"href":"https:\/\/www.europesays.com\/fr\/wp-json\/wp\/v2\/posts\/559498\/revisions"}],"wp:featuredmedia":[{"embeddable":true,"href":"https:\/\/www.europesays.com\/fr\/wp-json\/wp\/v2\/media\/559499"}],"wp:attachment":[{"href":"https:\/\/www.europesays.com\/fr\/wp-json\/wp\/v2\/media?parent=559498"}],"wp:term":[{"taxonomy":"category","embeddable":true,"href":"https:\/\/www.europesays.com\/fr\/wp-json\/wp\/v2\/categories?post=559498"},{"taxonomy":"post_tag","embeddable":true,"href":"https:\/\/www.europesays.com\/fr\/wp-json\/wp\/v2\/tags?post=559498"}],"curies":[{"name":"wp","href":"https:\/\/api.w.org\/{rel}","templated":true}]}}