{"id":559501,"date":"2025-11-26T08:07:10","date_gmt":"2025-11-26T08:07:10","guid":{"rendered":"https:\/\/www.europesays.com\/fr\/559501\/"},"modified":"2025-11-26T08:07:10","modified_gmt":"2025-11-26T08:07:10","slug":"une-femme-de-81-ans-retrouvee-morte-et-un-homme-gravement-brule-dans-lincendie-dun-appartement","status":"publish","type":"post","link":"https:\/\/www.europesays.com\/fr\/559501\/","title":{"rendered":"une femme de 81 ans retrouv\u00e9e morte et un homme gravement br\u00fbl\u00e9 dans l&rsquo;incendie d&rsquo;un appartement"},"content":{"rendered":"<p>                    Par<br \/>\n        <strong><br \/>\n            <a href=\"https:\/\/actu.fr\/auteur\/brian-legoff\" title=\"Consulter tous les articles de Brian Le Goff\" target=\"_blank\" rel=\"noopener\">Brian Le Goff<\/a><br \/>\n                    <\/strong><\/p>\n<p>        Publi\u00e9 le<\/p>\n<p>            26 nov. 2025 \u00e0 8h26        <\/p>\n<p>Triste nuit \u00e0 Rennes. <strong>Mardi 25\u00a0novembre, \u00e0 23h55,<\/strong> les pompiers ont \u00e9t\u00e9 appel\u00e9s pour un feu d\u2019appartement au 34, rue Ferdinand de Lesseps, dans le quartier de Cleunay, \u00e0 l\u2019ouest de la capitale bretonne.<\/p>\n<p class=\" wall-content\">L\u2019incendie s\u2019\u00e9tait d\u00e9clar\u00e9 au 4\u1d49 \u00e9tage dans un logement en duplex d\u2019un b\u00e2timent qui cinq \u00e9tages. Deux victimes ont \u00e9t\u00e9 retrouv\u00e9es et sorties des flammes, indique, \u00e0 actu Rennes le Codis (Centre op\u00e9rationnel d\u00e9partemental d\u2019incendie et de secours).<\/p>\n<p class=\" wall-content\">La premi\u00e8re est une femme de 81\u00a0ans en \u00e9tat de mort apparente et un homme de 54\u00a0ans, br\u00fble au 2\u00e8 et 3\u00e8 degr\u00e9, transport\u00e9 en urgence absolue au CHU de Rennes.<\/p>\n<p class=\" wall-content\">Les soldats du feu, au nombre de 31, sont intervenus jusqu\u2019\u00e0 2h du matin, mercredi 26\u00a0novembre. Seul l\u2019appartement incendi\u00e9 a \u00e9t\u00e9 d\u00e9truit.<\/p>\n<p class=\" wall-content\">Personnalisez votre actualit\u00e9 en ajoutant vos villes et m\u00e9dias en favori avec <a href=\"https:\/\/moncompte.actu.fr\" title=\"D\u00e9couvez Mon Actu\" rel=\"nofollow noopener\" data-trk=\"{&quot;cta&quot;:{&quot;action&quot;:&quot;https:\\\/\\\/moncompte.actu.fr&quot;,&quot;category&quot;:&quot;mon compte&quot;,&quot;from&quot;:&quot;article footer&quot;,&quot;name&quot;:&quot;Mon actu&quot;,&quot;type&quot;:&quot;cta&quot;}}\" target=\"_blank\">Mon Actu<\/a>.<\/p>\n","protected":false},"excerpt":{"rendered":"Par Brian Le Goff Publi\u00e9 le 26 nov. 2025 \u00e0 8h26 Triste nuit \u00e0 Rennes. Mardi 25\u00a0novembre, \u00e0&hellip;\n","protected":false},"author":2,"featured_media":559502,"comment_status":"","ping_status":"","sticky":false,"template":"","format":"standard","meta":{"footnotes":""},"categories":[2821],"tags":[1111,11,829,1777,674,118,1011,27,1310,12,1311,584,25],"class_list":{"0":"post-559501","1":"post","2":"type-post","3":"status-publish","4":"format-standard","5":"has-post-thumbnail","7":"category-rennes","8":"tag-actu","9":"tag-actualites","10":"tag-bretagne","11":"tag-eu","12":"tag-europe","13":"tag-faits-divers","14":"tag-fr","15":"tag-france","16":"tag-incendie","17":"tag-news","18":"tag-pompiers","19":"tag-rennes","20":"tag-republique-francaise"},"share_on_mastodon":{"url":"https:\/\/pubeurope.com\/@fr\/115614976813630821","error":""},"_links":{"self":[{"href":"https:\/\/www.europesays.com\/fr\/wp-json\/wp\/v2\/posts\/559501","targetHints":{"allow":["GET"]}}],"collection":[{"href":"https:\/\/www.europesays.com\/fr\/wp-json\/wp\/v2\/posts"}],"about":[{"href":"https:\/\/www.europesays.com\/fr\/wp-json\/wp\/v2\/types\/post"}],"author":[{"embeddable":true,"href":"https:\/\/www.europesays.com\/fr\/wp-json\/wp\/v2\/users\/2"}],"replies":[{"embeddable":true,"href":"https:\/\/www.europesays.com\/fr\/wp-json\/wp\/v2\/comments?post=559501"}],"version-history":[{"count":0,"href":"https:\/\/www.europesays.com\/fr\/wp-json\/wp\/v2\/posts\/559501\/revisions"}],"wp:featuredmedia":[{"embeddable":true,"href":"https:\/\/www.europesays.com\/fr\/wp-json\/wp\/v2\/media\/559502"}],"wp:attachment":[{"href":"https:\/\/www.europesays.com\/fr\/wp-json\/wp\/v2\/media?parent=559501"}],"wp:term":[{"taxonomy":"category","embeddable":true,"href":"https:\/\/www.europesays.com\/fr\/wp-json\/wp\/v2\/categories?post=559501"},{"taxonomy":"post_tag","embeddable":true,"href":"https:\/\/www.europesays.com\/fr\/wp-json\/wp\/v2\/tags?post=559501"}],"curies":[{"name":"wp","href":"https:\/\/api.w.org\/{rel}","templated":true}]}}