{"id":559509,"date":"2025-11-26T08:11:22","date_gmt":"2025-11-26T08:11:22","guid":{"rendered":"https:\/\/www.europesays.com\/fr\/559509\/"},"modified":"2025-11-26T08:11:22","modified_gmt":"2025-11-26T08:11:22","slug":"nice-une-joute-oratoire-inedite-a-la-faculte-de-droit","status":"publish","type":"post","link":"https:\/\/www.europesays.com\/fr\/559509\/","title":{"rendered":"Nice : Une joute oratoire in\u00e9dite \u00e0 la Facult\u00e9 de Droit"},"content":{"rendered":"<p>                    <img loading=\"lazy\" decoding=\"async\" src=\"https:\/\/www.europesays.com\/fr\/wp-content\/uploads\/2025\/11\/0a0367de45a09aa86fbae3f72214de.png\" class=\"img-responsive post-image\" width=\"680\" height=\"510\" alt=\"Nice : Une joute oratoire\" title=\"Nice : Une joute oratoire in\u00e9dite \u00e0 la Facult\u00e9 de Droit\"\/><\/p>\n<p class=\"chapo\">La facult\u00e9 de Droit de Nice s\u2019appr\u00eate \u00e0 devenir, le 1er d\u00e9cembre de 18h \u00e0 20h, le th\u00e9\u00e2tre d\u2019un affrontement oratoire hors du commun. Les Secr\u00e9taires de la Conf\u00e9rence du barreau de Nice investiront l\u2019amphith\u00e9\u00e2tre pour exercer leur verbe aff\u00fbt\u00e9\u2026 au d\u00e9triment de trois \u00e9tudiants volontaires. Cette rencontre est propos\u00e9e par le Bureau des \u00c9tudiants, l\u2019association de d\u00e9bat ni\u00e7oise et le barreau de Nice.<\/p>\n<p>R\u00e9put\u00e9s pour leur talent oratoire, les Secr\u00e9taires de la Conf\u00e9rence livreront une critique des prestations \u00e9tudiantes. Les participants, qui d\u00e9fendront chacun un texte sur un sujet impos\u00e9, devront faire face \u00e0 cette avalanche d\u2019arguments avec courage et \u00e9loquence. Mais le d\u00e9s\u00e9quilibre apparent ne durera qu\u2019un temps. Deux professeurs exp\u00e9riment\u00e9s entreront \u00e0 leur tour dans l\u2019ar\u00e8ne pour retourner le feu critique contre les avocats. Il n\u2019\u00e9tait pas question de laisser les \u00e9tudiants affronter seuls le tumulte\u00a0: le duel promet d\u2019\u00eatre serr\u00e9 et incisif.<\/p>\n<p>Cette joute verbale, pens\u00e9e pour r\u00e9unir \u00e9tudiants, avocats et universitaires autour de leur passion commune pour l\u2019art oratoire, s\u2019annonce d\u00e9j\u00e0 comme un moment fort de l\u2019ann\u00e9e universitaire. Entre partage, esprit de r\u00e9partie et convivialit\u00e9 assum\u00e9e, l\u2019\u00e9v\u00e9nement devrait marquer durablement les esprits\u2026 et rappeler que la parole, lorsqu\u2019elle est ma\u00eetris\u00e9e, peut devenir un v\u00e9ritable sport de combat. Rendez-vous est donn\u00e9 en Amphi 2 d\u00e8s 18 heures le 1er d\u00e9cembre\u00a0!<\/p>\n<p><br class=\"autobr\"\/><br \/>\nRelire\u00a0: <a href=\"https:\/\/www.petitesaffiches.fr\/actualites,069\/droit,044\/association-des-secretaires-de-la,30688.html\" target=\"_blank\" rel=\"noopener\">Association des secr\u00e9taires de la conf\u00e9rence Nice\u00a0: \u00ab\u00a0Plus qu\u2019un projet sur l\u2019\u00e9loquence\u00a0\u00bb<\/a><\/p>\n<p>Visuel de Une\u00a0: d\u00e9tail du visuel de l\u2019\u00e9v\u00e9nement \u00a9BDE Droit Nice<\/p>\n","protected":false},"excerpt":{"rendered":"La facult\u00e9 de Droit de Nice s\u2019appr\u00eate \u00e0 devenir, le 1er d\u00e9cembre de 18h \u00e0 20h, le th\u00e9\u00e2tre&hellip;\n","protected":false},"author":2,"featured_media":559510,"comment_status":"","ping_status":"","sticky":false,"template":"","format":"standard","meta":{"footnotes":""},"categories":[2819],"tags":[1111,11,2408,1777,674,1011,27,12,2401,882,25],"class_list":{"0":"post-559509","1":"post","2":"type-post","3":"status-publish","4":"format-standard","5":"has-post-thumbnail","7":"category-nice","8":"tag-actu","9":"tag-actualites","10":"tag-appels-d","11":"tag-eu","12":"tag-europe","13":"tag-fr","14":"tag-france","15":"tag-news","16":"tag-nice","17":"tag-provence-alpes-cote-dazur","18":"tag-republique-francaise"},"share_on_mastodon":{"url":"https:\/\/pubeurope.com\/@fr\/115614992752834606","error":""},"_links":{"self":[{"href":"https:\/\/www.europesays.com\/fr\/wp-json\/wp\/v2\/posts\/559509","targetHints":{"allow":["GET"]}}],"collection":[{"href":"https:\/\/www.europesays.com\/fr\/wp-json\/wp\/v2\/posts"}],"about":[{"href":"https:\/\/www.europesays.com\/fr\/wp-json\/wp\/v2\/types\/post"}],"author":[{"embeddable":true,"href":"https:\/\/www.europesays.com\/fr\/wp-json\/wp\/v2\/users\/2"}],"replies":[{"embeddable":true,"href":"https:\/\/www.europesays.com\/fr\/wp-json\/wp\/v2\/comments?post=559509"}],"version-history":[{"count":0,"href":"https:\/\/www.europesays.com\/fr\/wp-json\/wp\/v2\/posts\/559509\/revisions"}],"wp:featuredmedia":[{"embeddable":true,"href":"https:\/\/www.europesays.com\/fr\/wp-json\/wp\/v2\/media\/559510"}],"wp:attachment":[{"href":"https:\/\/www.europesays.com\/fr\/wp-json\/wp\/v2\/media?parent=559509"}],"wp:term":[{"taxonomy":"category","embeddable":true,"href":"https:\/\/www.europesays.com\/fr\/wp-json\/wp\/v2\/categories?post=559509"},{"taxonomy":"post_tag","embeddable":true,"href":"https:\/\/www.europesays.com\/fr\/wp-json\/wp\/v2\/tags?post=559509"}],"curies":[{"name":"wp","href":"https:\/\/api.w.org\/{rel}","templated":true}]}}