{"id":559511,"date":"2025-11-26T08:12:20","date_gmt":"2025-11-26T08:12:20","guid":{"rendered":"https:\/\/www.europesays.com\/fr\/559511\/"},"modified":"2025-11-26T08:12:20","modified_gmt":"2025-11-26T08:12:20","slug":"une-voiture-en-feu-une-personne-blessee","status":"publish","type":"post","link":"https:\/\/www.europesays.com\/fr\/559511\/","title":{"rendered":"une voiture en feu, une personne bless\u00e9e"},"content":{"rendered":"<p>                    Par<br \/>\n        <strong><br \/>\n            <a href=\"https:\/\/actu.fr\/auteur\/gwendal-lepriellec\" title=\"Consulter tous les articles de Gwendal Le Priellec\" target=\"_blank\" rel=\"noopener\">Gwendal Le Priellec<\/a><br \/>\n                    <\/strong><\/p>\n<p>        Publi\u00e9 le<\/p>\n<p>            26 nov. 2025 \u00e0 8h53        <\/p>\n<p>C\u2019est un spectaculaire <b>accident <\/b>qui s\u2019est produit sur le <b>p\u00e9riph\u00e9rique <\/b>de <b>Nantes <\/b>(Loire-Atlantique), mardi 25\u00a0novembre 2025 vers 18\u2009h\u200940, au niveau de la porte d\u2019Orvault.<\/p>\n<p>P\u00e9riph\u00e9rique de Nantes\u2009: une voiture en feu, une personne bless\u00e9e<\/p>\n<p class=\" wall-content\">L\u2019accident s\u2019est produit entre <b>trois voitures<\/b> et l\u2019une d\u2019elles a<b> pris feu<\/b> suite \u00e0 l\u2019accident. L\u2019incendie a \u00e9t\u00e9 \u00e9teint \u00e0 l\u2019aide d\u2019une lance par les <b>19 pompiers<\/b> qui se sont rendus sur place.<\/p>\n<p class=\" wall-content\">Une personne a \u00e9t\u00e9<b> l\u00e9g\u00e8rement bless\u00e9e<\/b> et elle a \u00e9t\u00e9 transport\u00e9e vers le <b>CHU <\/b>(Centre hospitalier universitaire) de <b>Nantes<\/b>.<\/p>\n<p class=\" wall-content\">Les services de la <b>Police nationale<\/b> se sont \u00e9galement rendus sur place.<\/p>\n<p class=\" wall-content\">Personnalisez votre actualit\u00e9 en ajoutant vos villes et m\u00e9dias en favori avec <a href=\"https:\/\/moncompte.actu.fr\" title=\"D\u00e9couvez Mon Actu\" rel=\"nofollow noopener\" data-trk=\"{&quot;cta&quot;:{&quot;action&quot;:&quot;https:\\\/\\\/moncompte.actu.fr&quot;,&quot;category&quot;:&quot;mon compte&quot;,&quot;from&quot;:&quot;article footer&quot;,&quot;name&quot;:&quot;Mon actu&quot;,&quot;type&quot;:&quot;cta&quot;}}\" target=\"_blank\">Mon Actu<\/a>.<\/p>\n","protected":false},"excerpt":{"rendered":"Par Gwendal Le Priellec Publi\u00e9 le 26 nov. 2025 \u00e0 8h53 C\u2019est un spectaculaire accident qui s\u2019est produit&hellip;\n","protected":false},"author":2,"featured_media":559512,"comment_status":"","ping_status":"","sticky":false,"template":"","format":"standard","meta":{"footnotes":""},"categories":[2818],"tags":[119,1111,11,1777,674,118,1011,27,766,12,2636,1311,25],"class_list":{"0":"post-559511","1":"post","2":"type-post","3":"status-publish","4":"format-standard","5":"has-post-thumbnail","7":"category-nantes","8":"tag-accident","9":"tag-actu","10":"tag-actualites","11":"tag-eu","12":"tag-europe","13":"tag-faits-divers","14":"tag-fr","15":"tag-france","16":"tag-nantes","17":"tag-news","18":"tag-pays-de-la-loire","19":"tag-pompiers","20":"tag-republique-francaise"},"share_on_mastodon":{"url":"https:\/\/pubeurope.com\/@fr\/115614996456096243","error":""},"_links":{"self":[{"href":"https:\/\/www.europesays.com\/fr\/wp-json\/wp\/v2\/posts\/559511","targetHints":{"allow":["GET"]}}],"collection":[{"href":"https:\/\/www.europesays.com\/fr\/wp-json\/wp\/v2\/posts"}],"about":[{"href":"https:\/\/www.europesays.com\/fr\/wp-json\/wp\/v2\/types\/post"}],"author":[{"embeddable":true,"href":"https:\/\/www.europesays.com\/fr\/wp-json\/wp\/v2\/users\/2"}],"replies":[{"embeddable":true,"href":"https:\/\/www.europesays.com\/fr\/wp-json\/wp\/v2\/comments?post=559511"}],"version-history":[{"count":0,"href":"https:\/\/www.europesays.com\/fr\/wp-json\/wp\/v2\/posts\/559511\/revisions"}],"wp:featuredmedia":[{"embeddable":true,"href":"https:\/\/www.europesays.com\/fr\/wp-json\/wp\/v2\/media\/559512"}],"wp:attachment":[{"href":"https:\/\/www.europesays.com\/fr\/wp-json\/wp\/v2\/media?parent=559511"}],"wp:term":[{"taxonomy":"category","embeddable":true,"href":"https:\/\/www.europesays.com\/fr\/wp-json\/wp\/v2\/categories?post=559511"},{"taxonomy":"post_tag","embeddable":true,"href":"https:\/\/www.europesays.com\/fr\/wp-json\/wp\/v2\/tags?post=559511"}],"curies":[{"name":"wp","href":"https:\/\/api.w.org\/{rel}","templated":true}]}}