{"id":559513,"date":"2025-11-26T08:13:13","date_gmt":"2025-11-26T08:13:13","guid":{"rendered":"https:\/\/www.europesays.com\/fr\/559513\/"},"modified":"2025-11-26T08:13:13","modified_gmt":"2025-11-26T08:13:13","slug":"5-idees-recues-sur-le-chauffage-individuel-au-bois-a-nantes-metropole","status":"publish","type":"post","link":"https:\/\/www.europesays.com\/fr\/559513\/","title":{"rendered":"5 id\u00e9es re\u00e7ues sur le chauffage individuel au bois \u00e0 Nantes M\u00e9tropole"},"content":{"rendered":"<p><strong>VRAI.<\/strong> C\u2019est la premi\u00e8re \u00e9nergie renouvelable utilis\u00e9e en France (20\u00a0%, chauffage au bois individuel et collectif confondus) et elle \u00ab\u00a0participe \u00e0 l&rsquo;ind\u00e9pendance \u00e9nerg\u00e9tique de la France\u00a0\u00bb, souligne l\u2019Ademe, l\u2019agence de la transition \u00e9cologique. Elle provient d\u2019une ressource qui peut se r\u00e9g\u00e9n\u00e9rer, \u00e0 condition que les for\u00eats soient g\u00e9r\u00e9es durablement et que les pr\u00e9l\u00e8vements soient ma\u00eetris\u00e9s. Sur le territoire de Nantes M\u00e9tropole, les m\u00e9nages utilisant un chauffage bois consomment un peu moins de 3 st\u00e8res en moyenne durant l\u2019hiver. 38\u00a0% se fournissent dans des fili\u00e8res informelles\u00a0: propri\u00e9t\u00e9, famille, ami, voisin, agriculteur, particulier ou propri\u00e9taire forestier.<\/p>\n","protected":false},"excerpt":{"rendered":"VRAI. C\u2019est la premi\u00e8re \u00e9nergie renouvelable utilis\u00e9e en France (20\u00a0%, chauffage au bois individuel et collectif confondus) et&hellip;\n","protected":false},"author":2,"featured_media":559514,"comment_status":"","ping_status":"","sticky":false,"template":"","format":"standard","meta":{"footnotes":""},"categories":[2818],"tags":[1111,11,1777,674,1011,27,766,12,2636,25],"class_list":{"0":"post-559513","1":"post","2":"type-post","3":"status-publish","4":"format-standard","5":"has-post-thumbnail","7":"category-nantes","8":"tag-actu","9":"tag-actualites","10":"tag-eu","11":"tag-europe","12":"tag-fr","13":"tag-france","14":"tag-nantes","15":"tag-news","16":"tag-pays-de-la-loire","17":"tag-republique-francaise"},"share_on_mastodon":{"url":"https:\/\/pubeurope.com\/@fr\/115615000444334737","error":""},"_links":{"self":[{"href":"https:\/\/www.europesays.com\/fr\/wp-json\/wp\/v2\/posts\/559513","targetHints":{"allow":["GET"]}}],"collection":[{"href":"https:\/\/www.europesays.com\/fr\/wp-json\/wp\/v2\/posts"}],"about":[{"href":"https:\/\/www.europesays.com\/fr\/wp-json\/wp\/v2\/types\/post"}],"author":[{"embeddable":true,"href":"https:\/\/www.europesays.com\/fr\/wp-json\/wp\/v2\/users\/2"}],"replies":[{"embeddable":true,"href":"https:\/\/www.europesays.com\/fr\/wp-json\/wp\/v2\/comments?post=559513"}],"version-history":[{"count":0,"href":"https:\/\/www.europesays.com\/fr\/wp-json\/wp\/v2\/posts\/559513\/revisions"}],"wp:featuredmedia":[{"embeddable":true,"href":"https:\/\/www.europesays.com\/fr\/wp-json\/wp\/v2\/media\/559514"}],"wp:attachment":[{"href":"https:\/\/www.europesays.com\/fr\/wp-json\/wp\/v2\/media?parent=559513"}],"wp:term":[{"taxonomy":"category","embeddable":true,"href":"https:\/\/www.europesays.com\/fr\/wp-json\/wp\/v2\/categories?post=559513"},{"taxonomy":"post_tag","embeddable":true,"href":"https:\/\/www.europesays.com\/fr\/wp-json\/wp\/v2\/tags?post=559513"}],"curies":[{"name":"wp","href":"https:\/\/api.w.org\/{rel}","templated":true}]}}