{"id":559515,"date":"2025-11-26T08:14:10","date_gmt":"2025-11-26T08:14:10","guid":{"rendered":"https:\/\/www.europesays.com\/fr\/559515\/"},"modified":"2025-11-26T08:14:10","modified_gmt":"2025-11-26T08:14:10","slug":"un-homme-decede-dans-une-collision-entre-un-scooter-et-une-voiture","status":"publish","type":"post","link":"https:\/\/www.europesays.com\/fr\/559515\/","title":{"rendered":"un homme d\u00e9c\u00e8de dans une collision entre un scooter et une voiture"},"content":{"rendered":"<p>Les pompiers sont intervenus quai Richelieu \u00e0 Bordeaux, dans la nuit de mardi\u00a025 \u00e0 mercredi 26\u00a0novembre aux alentours de 00\u00a0h\u00a020, pour un accident de la route. Un scooter et une voiture sont entr\u00e9s en collision au niveau de la porte de Bourgogne. Le drame a fait une victime\u00a0: un homme, conducteur du deux-roues, est d\u00e9c\u00e9d\u00e9, malgr\u00e9 l\u2019intervention des secours et les gestes de r\u00e9animation sur place.<\/p>\n","protected":false},"excerpt":{"rendered":"Les pompiers sont intervenus quai Richelieu \u00e0 Bordeaux, dans la nuit de mardi\u00a025 \u00e0 mercredi 26\u00a0novembre aux alentours&hellip;\n","protected":false},"author":2,"featured_media":559516,"comment_status":"","ping_status":"","sticky":false,"template":"","format":"standard","meta":{"footnotes":""},"categories":[2817],"tags":[1111,11,1997,1777,674,1011,27,12,2219,25],"class_list":{"0":"post-559515","1":"post","2":"type-post","3":"status-publish","4":"format-standard","5":"has-post-thumbnail","7":"category-bordeaux","8":"tag-actu","9":"tag-actualites","10":"tag-bordeaux","11":"tag-eu","12":"tag-europe","13":"tag-fr","14":"tag-france","15":"tag-news","16":"tag-nouvelle-aquitaine","17":"tag-republique-francaise"},"share_on_mastodon":{"url":"https:\/\/pubeurope.com\/@fr\/115615004412449132","error":""},"_links":{"self":[{"href":"https:\/\/www.europesays.com\/fr\/wp-json\/wp\/v2\/posts\/559515","targetHints":{"allow":["GET"]}}],"collection":[{"href":"https:\/\/www.europesays.com\/fr\/wp-json\/wp\/v2\/posts"}],"about":[{"href":"https:\/\/www.europesays.com\/fr\/wp-json\/wp\/v2\/types\/post"}],"author":[{"embeddable":true,"href":"https:\/\/www.europesays.com\/fr\/wp-json\/wp\/v2\/users\/2"}],"replies":[{"embeddable":true,"href":"https:\/\/www.europesays.com\/fr\/wp-json\/wp\/v2\/comments?post=559515"}],"version-history":[{"count":0,"href":"https:\/\/www.europesays.com\/fr\/wp-json\/wp\/v2\/posts\/559515\/revisions"}],"wp:featuredmedia":[{"embeddable":true,"href":"https:\/\/www.europesays.com\/fr\/wp-json\/wp\/v2\/media\/559516"}],"wp:attachment":[{"href":"https:\/\/www.europesays.com\/fr\/wp-json\/wp\/v2\/media?parent=559515"}],"wp:term":[{"taxonomy":"category","embeddable":true,"href":"https:\/\/www.europesays.com\/fr\/wp-json\/wp\/v2\/categories?post=559515"},{"taxonomy":"post_tag","embeddable":true,"href":"https:\/\/www.europesays.com\/fr\/wp-json\/wp\/v2\/tags?post=559515"}],"curies":[{"name":"wp","href":"https:\/\/api.w.org\/{rel}","templated":true}]}}