{"id":559519,"date":"2025-11-26T08:16:18","date_gmt":"2025-11-26T08:16:18","guid":{"rendered":"https:\/\/www.europesays.com\/fr\/559519\/"},"modified":"2025-11-26T08:16:18","modified_gmt":"2025-11-26T08:16:18","slug":"pres-de-3-kilometres-de-bouchon-sur-la-n124-a-louest-de-toulouse-ce-mercredi","status":"publish","type":"post","link":"https:\/\/www.europesays.com\/fr\/559519\/","title":{"rendered":"Pr\u00e8s de 3 kilom\u00e8tres de bouchon sur la N124, \u00e0 l&rsquo;Ouest de Toulouse, ce mercredi"},"content":{"rendered":"<p><strong>Prudence \u00e0 l\u2019Ouest de Toulouse ce mercredi 26 novembre 2025. Bison Fut\u00e9 signale un bouchon de pr\u00e8s de 3 kilom\u00e8tres sur la route nationale 124. Suivez l\u2019\u00e9volution du trafic avec Le Journal Toulousain<\/strong>.<\/p>\n<p><img fetchpriority=\"high\" decoding=\"async\" width=\"1200\" height=\"859\" src=\"https:\/\/www.europesays.com\/fr\/wp-content\/uploads\/2025\/11\/Depositphotos_161778856_XL.jpg\" alt=\"Pr\u00e8s de 3 kilom\u00e8tres de bouchon sur la N124, \u00e0 l'Ouest de Toulouse, ce mercredi\"  \/><\/p>\n<p>Pr\u00e8s de 3 kilom\u00e8tres de bouchon sur la N124, \u00e0 l\u2019Ouest de Toulouse, ce mercredi \u00a9 antpkr \/ Depositphotos<\/p>\n<p><strong>A l\u2019Ouest de Toulouse : <\/strong>Comme tous les matins, les automobilistes doivent prendre leur mal en patience ce mercredi 26 novembre 2025. Un bouchon de pr\u00e8s de 3 kilom\u00e8tres s\u2019est form\u00e9 sur la route nationale 124, dans le sens Langon-Toulouse, entre Pibrac et Colomiers. Sur l\u2019A624, un embouteillage s\u2019\u00e9tend sur pr\u00e8s de 2 kilom\u00e8tres entre Colomiers et la Ville rose. Du c\u00f4t\u00e9 de l\u2019A620, dans le sens ext\u00e9rieur de Toulouse nord vers Toulouse sud, le trafic routier est \u00e0 l\u2019arr\u00eat sur pr\u00e8s de 2 kilom\u00e8tres, \u00e0 hauteur de Purpan. <\/p>\n<p><strong>Au Nord de Toulouse : <\/strong>La circulation, perturb\u00e9e par le r\u00e9tr\u00e9cissement des voies, est bloqu\u00e9e sur plus de 5 kilom\u00e8tres sur l\u2019A62, dans le sens ext\u00e9rieur de Toulouse vers Bordeaux, entre Gramont et Aucamville. Du c\u00f4t\u00e9 de l\u2019A68, dans le sens Albi-Toulouse, Bison Fut\u00e9 signale des ralentissements sur pr\u00e8s de 3 kilom\u00e8tres entre Montrab\u00e9 et la Ville rose. <\/p>\n<p><strong>Au Sud de Toulouse : <\/strong>Plus de 4 kilom\u00e8tres de bouchon ont \u00e9t\u00e9 recens\u00e9s sur l\u2019A620, dans le sens int\u00e9rieur de Toulouse sud vers Toulouse nord, entre Montaudran et le quartier Empalot. Un peu plus loin, \u00e0 hauteur de la route d\u2019Espagne, la circulation est bloqu\u00e9e sur un kilom\u00e8tre. Dans le sens inverse, entre le quartier La Faourette et l\u2019Ile du Ramier, un bouchon de pr\u00e8s de 4 kilom\u00e8tres a \u00e9t\u00e9 signal\u00e9.<\/p>\n","protected":false},"excerpt":{"rendered":"Prudence \u00e0 l\u2019Ouest de Toulouse ce mercredi 26 novembre 2025. Bison Fut\u00e9 signale un bouchon de pr\u00e8s de&hellip;\n","protected":false},"author":2,"featured_media":559520,"comment_status":"","ping_status":"","sticky":false,"template":"","format":"standard","meta":{"footnotes":""},"categories":[2816],"tags":[1111,11,57353,1777,674,1011,27,12,2680,67665,25,2312,67666],"class_list":{"0":"post-559519","1":"post","2":"type-post","3":"status-publish","4":"format-standard","5":"has-post-thumbnail","7":"category-toulouse","8":"tag-actu","9":"tag-actualites","10":"tag-ce-mercredi","11":"tag-eu","12":"tag-europe","13":"tag-fr","14":"tag-france","15":"tag-news","16":"tag-occitanie","17":"tag-pru00e8s-de-3-kilomu00e8tres-de-bouchon-sur-la-n124","18":"tag-republique-francaise","19":"tag-toulouse","20":"tag-u00e0-louest-de-toulouse"},"share_on_mastodon":{"url":"https:\/\/pubeurope.com\/@fr\/115615013272225010","error":""},"_links":{"self":[{"href":"https:\/\/www.europesays.com\/fr\/wp-json\/wp\/v2\/posts\/559519","targetHints":{"allow":["GET"]}}],"collection":[{"href":"https:\/\/www.europesays.com\/fr\/wp-json\/wp\/v2\/posts"}],"about":[{"href":"https:\/\/www.europesays.com\/fr\/wp-json\/wp\/v2\/types\/post"}],"author":[{"embeddable":true,"href":"https:\/\/www.europesays.com\/fr\/wp-json\/wp\/v2\/users\/2"}],"replies":[{"embeddable":true,"href":"https:\/\/www.europesays.com\/fr\/wp-json\/wp\/v2\/comments?post=559519"}],"version-history":[{"count":0,"href":"https:\/\/www.europesays.com\/fr\/wp-json\/wp\/v2\/posts\/559519\/revisions"}],"wp:featuredmedia":[{"embeddable":true,"href":"https:\/\/www.europesays.com\/fr\/wp-json\/wp\/v2\/media\/559520"}],"wp:attachment":[{"href":"https:\/\/www.europesays.com\/fr\/wp-json\/wp\/v2\/media?parent=559519"}],"wp:term":[{"taxonomy":"category","embeddable":true,"href":"https:\/\/www.europesays.com\/fr\/wp-json\/wp\/v2\/categories?post=559519"},{"taxonomy":"post_tag","embeddable":true,"href":"https:\/\/www.europesays.com\/fr\/wp-json\/wp\/v2\/tags?post=559519"}],"curies":[{"name":"wp","href":"https:\/\/api.w.org\/{rel}","templated":true}]}}