{"id":559523,"date":"2025-11-26T08:20:15","date_gmt":"2025-11-26T08:20:15","guid":{"rendered":"https:\/\/www.europesays.com\/fr\/559523\/"},"modified":"2025-11-26T08:20:15","modified_gmt":"2025-11-26T08:20:15","slug":"lille-previsions-meteo-du-mercredi-26-novembre-2025","status":"publish","type":"post","link":"https:\/\/www.europesays.com\/fr\/559523\/","title":{"rendered":"Lille : pr\u00e9visions m\u00e9t\u00e9o du mercredi 26 novembre 2025"},"content":{"rendered":"<p>\u00c0 Lille, la journ\u00e9e du mercredi 26 novembre 2025 alterne entre \u00e9claircies et brouillard en soir\u00e9e, avec des temp\u00e9ratures fra\u00eeches et un vent l\u00e9ger dominant. La m\u00e9t\u00e9o reste s\u00e8che, propice aux activit\u00e9s en ext\u00e9rieur malgr\u00e9 une humidit\u00e9 marqu\u00e9e.<\/p>\n<p>Brouillard, fra\u00eecheur et belles \u00e9claircies : tel est le sc\u00e9nario m\u00e9t\u00e9o de ce mercredi 26 novembre 2025 \u00e0 Lille. Les conditions restent calmes et s\u00e8ches, mais la visibilit\u00e9 baissera sensiblement en soir\u00e9e.<\/p>\n<p>Matin : lever de soleil \u00e0 08 h 20<\/p>\n<p>\u00c0 Lille, le soleil se l\u00e8ve \u00e0 08 h 20 et inaugure une matin\u00e9e du 26 novembre 2025 sous un <b>ciel variable<\/b>. La capitale des Flandres s\u2019\u00e9veille dans une atmosph\u00e8re fra\u00eeche, mais tout \u00e0 fait supportable.<\/p>\n<p>\u00c0 09 h, le thermom\u00e8tre indique <b>5 \u00b0C<\/b> pour un ressenti de <b>2 \u00b0C<\/b>. L\u2019humidit\u00e9 atteint 88 %, tandis qu\u2019un vent d\u2019ouest l\u00e9ger souffle \u00e0 11 km\/h. La probabilit\u00e9 de pluie reste limit\u00e9e \u00e0 12 % : la matin\u00e9e devrait donc se d\u00e9rouler au sec.<\/p>\n<ul>\n<li>Pensez aux gants pour le v\u00e9lo du matin : ressenti de 2 \u00b0C.<\/li>\n<li>Visibilit\u00e9 g\u00e9n\u00e9ralement correcte malgr\u00e9 quelques passages nuageux.<\/li>\n<\/ul>\n<p>Le barom\u00e8tre se maintient \u00e0 1021 hPa, traduisant une dorsale anticyclonique saisonni\u00e8re. Cette configuration freine l\u2019arriv\u00e9e des perturbations atlantiques, tout en maintenant une humidit\u00e9 notable, \u00e0 l\u2019origine de la sensation de froid humide typique du Nord.<\/p>\n<p>Pour profiter de Lille malgr\u00e9 la fra\u00eecheur, consultez <a href=\"https:\/\/www.meteocity.com\/france\/lille-v2998324\/tourisme\" target=\"_blank\" rel=\"noopener\">notre page tourisme<\/a> : monuments, march\u00e9s et id\u00e9es d\u2019abris chauff\u00e9s y sont \u00e0 d\u00e9couvrir.<\/p>\n<p>Apr\u00e8s-midi<\/p>\n<p>L\u2019apr\u00e8s-midi s\u2019annonce lumineuse. Le ciel se d\u00e9gage nettement, laissant le <b>soleil<\/b> s\u2019imposer d\u00e8s le d\u00e9but d\u2019apr\u00e8s-midi. L\u2019ambiance reste paisible et r\u00e9solument automnale.<\/p>\n<p>\u00c0 15 h, la temp\u00e9rature atteint <b>9 \u00b0C<\/b>, avec un ressenti de 7 \u00b0C. L\u2019humidit\u00e9 descend \u00e0 76 %, port\u00e9e par un vent Ouest-Nord-Ouest de 8 km\/h. Le risque d\u2019averse demeure quasi nul, avec seulement 6 % de probabilit\u00e9.<\/p>\n<ul>\n<li>Un bon moment pour les achats de No\u00ebl en ext\u00e9rieur.<\/li>\n<li>Indice UV faible : les lunettes sont utiles, la cr\u00e8me solaire superflue.<\/li>\n<\/ul>\n<p>Malgr\u00e9 la pr\u00e9sence du soleil, l\u2019angle bas des rayons en cette fin novembre limite le r\u00e9chauffement. S\u2019installer en terrasse, c\u00f4t\u00e9 sud, permet tout de m\u00eame de profiter d\u2019une douceur relative et du calme apport\u00e9 par le vent l\u00e9ger.<\/p>\n<p>Soir et nuit : coucher de soleil \u00e0 16 h 49<\/p>\n<p>La nuit tombe rapidement : le soleil se couche \u00e0 16 h 49. D\u00e8s le d\u00e9but de soir\u00e9e, un \u00e9pais <b>brouillard<\/b> recouvre l\u2019agglom\u00e9ration, r\u00e9duisant la visibilit\u00e9 sur le p\u00e9riph\u00e9rique et les grands boulevards.<\/p>\n<p>\u00c0 21 h, le mercure affiche <b>3 \u00b0C<\/b>, avec un ressenti de 0 \u00b0C. L\u2019humidit\u00e9 avoisine 99 %, tandis qu\u2019un vent l\u00e9ger de Sud-Sud-Est souffle \u00e0 8 km\/h. Les routes peuvent devenir glissantes : la prudence s\u2019impose pour les retours tardifs.<\/p>\n<ul>\n<li>R\u00e9duisez la vitesse sur l\u2019A25 et la N356.<\/li>\n<li>Privil\u00e9giez des v\u00eatements r\u00e9fl\u00e9chissants pour les d\u00e9placements \u00e0 pied.<\/li>\n<\/ul>\n<p>Ce brouillard radiatif se forme lorsque la temp\u00e9rature descend sous le point de ros\u00e9e. Fr\u00e9quents en novembre, ils risquent de perturber les vols \u00e0 Lesquin ainsi que le trafic des bus r\u00e9gionaux au d\u00e9but de la nuit.<\/p>\n<p>Tendance pour demain<\/p>\n<p>Pour la nuit suivante et la journ\u00e9e du 27 novembre, la grisaille dominera \u00e0 nouveau avec une <b>bruine l\u00e9g\u00e8re<\/b>. Les temp\u00e9ratures resteront modestes, oscillant entre 2 \u00b0C et 6 \u00b0C.<\/p>\n<p>Le vent de sud pourra souffler autour de 22 km\/h, accentuant la sensation de fra\u00eecheur. La probabilit\u00e9 de pr\u00e9cipitations s\u2019\u00e9l\u00e8ve l\u00e9g\u00e8rement \u00e0 22 %. Pour plus d\u2019informations, consultez <a href=\"https:\/\/www.meteocity.com\/france\/lille-v2998324\/meteo-demain\" target=\"_blank\" rel=\"noopener\">nos pr\u00e9visions de demain<\/a>.<\/p>\n<ul>\n<li>Ressenti minimal attendu : -1 \u00b0C au petit matin.<\/li>\n<li>Cumuls de pluie limit\u00e9s \u00e0 1 mm, mais une humeur grise persistante.<\/li>\n<\/ul>\n<p>Ce temps humide et venteux s\u2019inscrit dans une s\u00e9rie de perturbations atlantiques plus basses en latitude, un ph\u00e9nom\u00e8ne accentu\u00e9 par un jet-stream ondulant que l\u2019on observe de plus en plus fr\u00e9quemment selon les rapports Copernicus.<\/p>\n","protected":false},"excerpt":{"rendered":"\u00c0 Lille, la journ\u00e9e du mercredi 26 novembre 2025 alterne entre \u00e9claircies et brouillard en soir\u00e9e, avec des&hellip;\n","protected":false},"author":2,"featured_media":559524,"comment_status":"","ping_status":"","sticky":false,"template":"","format":"standard","meta":{"footnotes":""},"categories":[2815],"tags":[1111,11,1777,674,1011,27,811,1307,12,25],"class_list":{"0":"post-559523","1":"post","2":"type-post","3":"status-publish","4":"format-standard","5":"has-post-thumbnail","7":"category-lille","8":"tag-actu","9":"tag-actualites","10":"tag-eu","11":"tag-europe","12":"tag-fr","13":"tag-france","14":"tag-hauts-de-france","15":"tag-lille","16":"tag-news","17":"tag-republique-francaise"},"share_on_mastodon":{"url":"https:\/\/pubeurope.com\/@fr\/115615027945113049","error":""},"_links":{"self":[{"href":"https:\/\/www.europesays.com\/fr\/wp-json\/wp\/v2\/posts\/559523","targetHints":{"allow":["GET"]}}],"collection":[{"href":"https:\/\/www.europesays.com\/fr\/wp-json\/wp\/v2\/posts"}],"about":[{"href":"https:\/\/www.europesays.com\/fr\/wp-json\/wp\/v2\/types\/post"}],"author":[{"embeddable":true,"href":"https:\/\/www.europesays.com\/fr\/wp-json\/wp\/v2\/users\/2"}],"replies":[{"embeddable":true,"href":"https:\/\/www.europesays.com\/fr\/wp-json\/wp\/v2\/comments?post=559523"}],"version-history":[{"count":0,"href":"https:\/\/www.europesays.com\/fr\/wp-json\/wp\/v2\/posts\/559523\/revisions"}],"wp:featuredmedia":[{"embeddable":true,"href":"https:\/\/www.europesays.com\/fr\/wp-json\/wp\/v2\/media\/559524"}],"wp:attachment":[{"href":"https:\/\/www.europesays.com\/fr\/wp-json\/wp\/v2\/media?parent=559523"}],"wp:term":[{"taxonomy":"category","embeddable":true,"href":"https:\/\/www.europesays.com\/fr\/wp-json\/wp\/v2\/categories?post=559523"},{"taxonomy":"post_tag","embeddable":true,"href":"https:\/\/www.europesays.com\/fr\/wp-json\/wp\/v2\/tags?post=559523"}],"curies":[{"name":"wp","href":"https:\/\/api.w.org\/{rel}","templated":true}]}}