{"id":559525,"date":"2025-11-26T08:21:19","date_gmt":"2025-11-26T08:21:19","guid":{"rendered":"https:\/\/www.europesays.com\/fr\/559525\/"},"modified":"2025-11-26T08:21:19","modified_gmt":"2025-11-26T08:21:19","slug":"mediterranee-placees-sur-ecoute-les-daurades-royales-revelent-leur-vie-entre-les-lagunes-catalanes-et-les-calanques-marseillaises","status":"publish","type":"post","link":"https:\/\/www.europesays.com\/fr\/559525\/","title":{"rendered":"M\u00e9diterran\u00e9e\u00a0: plac\u00e9es sur \u00e9coute les daurades royales r\u00e9v\u00e8lent leur vie entre les lagunes catalanes et les calanques marseillaises"},"content":{"rendered":"<p>\n                                                                Poisson embl\u00e9matique de M\u00e9diterran\u00e9e, connue pour sa saveur et myst\u00e9rieuse sur son mode de vie, la daurade royale r\u00e9v\u00e8le enfin quelques-uns de ses secrets. Dix ans d\u2019observations et surtout d\u2019\u00e9coutes d\u00e9montrent sa connectivit\u00e9 entre leurs propres lagunes nourrici\u00e8res et les calanques marseillaises ou elles se reproduisent.\u00a0J\u00e9r\u00f4me Bourgea, sp\u00e9cialiste en \u00e9cologie marine \u00e0 l\u2019Ifremer de S\u00e8te a men\u00e9 cette \u00e9tude in\u00e9dite, \u00e0 partir de marqueurs acoustiques.\n                            <\/p>\n<p>Appr\u00e9ci\u00e9e des fins gourmets et des p\u00eacheurs, la daurade royale, star des sparid\u00e9s, se reconna\u00eet facilement par son corps ovale aux flancs gris argent\u00e9 et une sorte de bandeau dor\u00e9 cern\u00e9 de noir entre ses grands yeux. Elle se nourrit essentiellement de mollusques et de crustac\u00e9s, qu\u2019elle broie avec sa puissante m\u00e2choire. La daurade est aussi un poisson protandre, comprenez qu\u2019il na\u00eet m\u00e2le, puis devient femelle vers l\u2019\u00e2ge de trois ans et peut alors pondre pr\u00e8s d\u2019un million d\u2019\u0153ufs par an.<\/p>\n<p>Au-del\u00e0 de ces \u00e9l\u00e9ments, on ne savait pas grand-chose sur Sparus aurata, jusqu\u2019\u00e0 ce que J\u00e9r\u00f4me Bourgea, sp\u00e9cialiste en biologie de la conservation des p\u00eaches \u00e0 l\u2019Ifremer, pr\u00e9cis\u00e9ment au sein de l\u2019unit\u00e9 de recherche Marbec \u00e0 S\u00e8te, s\u2019int\u00e9resse de pr\u00e8s \u00e0 l\u2019esp\u00e8ce. Apr\u00e8s 15 ans pass\u00e9s dans l\u2019oc\u00e9an Indien pour comprendre la m\u00e9gafaune marine et notamment celle des tortues, ce scientifique se consacre depuis pr\u00e8s de dix ans au cycle de vie des poissons c\u00f4tiers (loups, muges et surtout daurade) dont on ne conna\u00eet pas avec exactitude les rituels et pour l\u2019occasion les v\u00e9ritables stocks.<\/p>\n<p>        <img decoding=\"async\" class=\"std-img__img responsive-img\" src=\"https:\/\/www.europesays.com\/fr\/wp-content\/uploads\/2025\/11\/1764145277_497_image.jpg\" alt=\"Invit\u00e9 par l\u2019association des Amis du labo Arago de Banyuls-sur-Mer (pr\u00e9sid\u00e9e par A-M. Genevi\u00e8ve), J\u00e9r\u00f4me Bourgea a d\u00e9voil\u00e9 le mode de vie des daurades royales.\"\/><\/p>\n<p>                Invit\u00e9 par l\u2019association des Amis du labo Arago de Banyuls-sur-Mer (pr\u00e9sid\u00e9e par A-M. Genevi\u00e8ve), J\u00e9r\u00f4me Bourgea a d\u00e9voil\u00e9 le mode de vie des daurades royales.<br \/>\n                                    V\u00e9. P.<\/p>\n<p>Des lagunes aux calanques<\/p>\n<p>\u00ab\u00a0Une approche multidisciplinaire pour comprendre la connectivit\u00e9 temporelle et g\u00e9ographique \u00e9tait n\u00e9cessaire\u00a0\u00bb explique le scientifique qui met en place un r\u00e9seau d\u2019\u00e9coute sous-marin impressionnant, en partant du fait que les daurades sont fid\u00e8les \u00e0 leur lagune (six sites sont dans cette \u00e9tude) et qu\u2019un jour simultan\u00e9ment, elles vont la quitter pour nager vers l\u2019est et rejoindre le parc national des Calanques. Non moins de 200 hydrophones immerg\u00e9s, entre la Ciotat et les c\u00f4tes catalanes jusqu\u2019\u00e0 Estatit (Espagne), vont ainsi enregistrer les d\u00e9placements de 414 daurades royales (pesant de 100\u00a0g \u00e0 6\u00a0kg) dot\u00e9es d\u2019un \u00e9metteur.<\/p>\n<p>Deux millions de passages sont comptabilis\u00e9s en 4 ans\u00a0: \u00ab\u00a0On d\u00e9couvre qu\u2019en partant des Calanques pour rejoindre sa lagune, la daurade est \u00e2g\u00e9e d\u2019au moins 50 jours, on apprend aussi qu\u2019elle est fid\u00e8le \u00e0 sa lagune d\u2019alimentation, que les migrations sont li\u00e9es \u00e0 l\u2019\u00e9tat de cette lagune. On conna\u00eet d\u00e9sormais leurs couloirs migratoires qui ont des trajectoires d\u00e9finies, de Berre \u00e0 Leucate elles vont longer la c\u00f4te et voyager ensemble, c\u2019est un comportement impressionnant\u00a0!\u00a0\u00bb<\/p>\n<p>        <img decoding=\"async\" class=\"std-img__img responsive-img\" src=\"https:\/\/www.europesays.com\/fr\/wp-content\/uploads\/2025\/11\/1764145279_639_image.jpg\" alt=\"\u00c0 l\u2019image du saumon sauvage, la daurade royale effectue sa migration entre &quot;sa&quot; lagune nourrici\u00e8re et les Calanques marseillaises pour sa reproduction.\"\/><\/p>\n<p>                \u00c0 l\u2019image du saumon sauvage, la daurade royale effectue sa migration entre \u00ab\u00a0sa\u00a0\u00bb lagune nourrici\u00e8re et les Calanques marseillaises pour sa reproduction.<br \/>\n                                    V\u00e9. P.<\/p>\n<p>Les daurades luttent pour vivre<\/p>\n<p>Toutes ces all\u00e9es et venues enregistr\u00e9es par la bioacoustique confirment bien que la daurade quitte son site d\u2019alimentation pour les Calanques pour se reproduire. Elle y reste environ quatre mois, puis revient dans \u00ab\u00a0sa\u00a0\u00bb lagune pour s\u2019alimenter, et malgr\u00e9 sa mobilit\u00e9, \u00e9volue sur une petite zone de nourrissage.<\/p>\n<p>Mais pour \u00e7a, \u00ab\u00a0les royales\u00a0\u00bb doivent d\u2019abord \u00e9viter les hame\u00e7ons qui les attendent en nombre, au moment de leur passage, une p\u00eache officiellement interdite, mais pas toujours respect\u00e9e\u00a0! Dans ce rituel, on sait aussi qu\u2019elles ne pourront pas survivre au-del\u00e0 de certains seuils\u00a0: \u00ab\u00a0La daurade meurt au-dessus d\u2019une eau \u00e0 36 degr\u00e9s et en dessous de 9\u00a0\u00b0C, elle entre dans la lagune lorsque l\u2019eau est g\u00e9n\u00e9ralement entre 12 et 14 degr\u00e9s, rappelle le chercheur. On constate que les changements climatiques qui modifient son garde-manger ont un impact sur son mode de vie, alors que la M\u00e9diterran\u00e9e se r\u00e9chauffe 20\u00a0% plus rapidement que les autres oc\u00e9ans\u00a0\u00bb.<\/p>\n<p>L\u2019\u00e9tude de J\u00e9r\u00f4me Bourgea r\u00e9v\u00e8le aussi une exception\u00a0: \u00ab\u00a0Un tiers des daurades de Leucate partent vers l\u2019Espagne, on a confirmation de leur passage vers Estatit et elles vont plus loin, on ne sait pas o\u00f9, ni pourquoi, celles-ci choisissent d\u2019aller vers l\u2019ouest\u00a0? Myst\u00e8re.\u00a0\u00bb<\/p>\n<p>Toutes ces donn\u00e9es ne permettent pas pour autant d\u2019avoir une connaissance pr\u00e9cise des stocks. Si les scientifiques affirment notamment que \u00ab\u00a0le Loup est en d\u00e9clin\u00a0\u00bb, il est fort \u00e0 parier que des mesures de protection vont se mettre en place pour r\u00e9duire les pr\u00e9l\u00e8vements, en particulier entre les aires marines prot\u00e9g\u00e9es. Pour J\u00e9r\u00f4me Bourgea\u00a0: \u00ab\u00a0Il faut une r\u00e9gulation performante qui s\u2019appuie sur nos connaissances. La pression des p\u00eacheurs de loisirs et plaisanciers est plus forte que celle des professionnels. Il faut \u00e9viter les conflits et suivre une approche coh\u00e9rente, qui influence nos comportements pour assurer une exploitation durable, non seulement de la daurade royale, et de bien d\u2019autres ressources marines dont les poissons c\u00f4tiers\u00a0\u00bb.<\/p>\n","protected":false},"excerpt":{"rendered":"Poisson embl\u00e9matique de M\u00e9diterran\u00e9e, connue pour sa saveur et myst\u00e9rieuse sur son mode de vie, la daurade royale&hellip;\n","protected":false},"author":2,"featured_media":559526,"comment_status":"","ping_status":"","sticky":false,"template":"","format":"standard","meta":{"footnotes":""},"categories":[2814],"tags":[1111,11,1777,674,1011,27,884,12,882,25],"class_list":{"0":"post-559525","1":"post","2":"type-post","3":"status-publish","4":"format-standard","5":"has-post-thumbnail","7":"category-marseille","8":"tag-actu","9":"tag-actualites","10":"tag-eu","11":"tag-europe","12":"tag-fr","13":"tag-france","14":"tag-marseille","15":"tag-news","16":"tag-provence-alpes-cote-dazur","17":"tag-republique-francaise"},"share_on_mastodon":{"url":"https:\/\/pubeurope.com\/@fr\/115615032656045674","error":""},"_links":{"self":[{"href":"https:\/\/www.europesays.com\/fr\/wp-json\/wp\/v2\/posts\/559525","targetHints":{"allow":["GET"]}}],"collection":[{"href":"https:\/\/www.europesays.com\/fr\/wp-json\/wp\/v2\/posts"}],"about":[{"href":"https:\/\/www.europesays.com\/fr\/wp-json\/wp\/v2\/types\/post"}],"author":[{"embeddable":true,"href":"https:\/\/www.europesays.com\/fr\/wp-json\/wp\/v2\/users\/2"}],"replies":[{"embeddable":true,"href":"https:\/\/www.europesays.com\/fr\/wp-json\/wp\/v2\/comments?post=559525"}],"version-history":[{"count":0,"href":"https:\/\/www.europesays.com\/fr\/wp-json\/wp\/v2\/posts\/559525\/revisions"}],"wp:featuredmedia":[{"embeddable":true,"href":"https:\/\/www.europesays.com\/fr\/wp-json\/wp\/v2\/media\/559526"}],"wp:attachment":[{"href":"https:\/\/www.europesays.com\/fr\/wp-json\/wp\/v2\/media?parent=559525"}],"wp:term":[{"taxonomy":"category","embeddable":true,"href":"https:\/\/www.europesays.com\/fr\/wp-json\/wp\/v2\/categories?post=559525"},{"taxonomy":"post_tag","embeddable":true,"href":"https:\/\/www.europesays.com\/fr\/wp-json\/wp\/v2\/tags?post=559525"}],"curies":[{"name":"wp","href":"https:\/\/api.w.org\/{rel}","templated":true}]}}