{"id":559527,"date":"2025-11-26T08:22:16","date_gmt":"2025-11-26T08:22:16","guid":{"rendered":"https:\/\/www.europesays.com\/fr\/559527\/"},"modified":"2025-11-26T08:22:16","modified_gmt":"2025-11-26T08:22:16","slug":"cest-fini-pour-lom","status":"publish","type":"post","link":"https:\/\/www.europesays.com\/fr\/559527\/","title":{"rendered":"C\u2019est fini pour l\u2019OM"},"content":{"rendered":"<p><strong>Gr\u00e2ce \u00e0 sa victoire d\u00e9croch\u00e9e<br \/>\nmardi face \u00e0 Newcastle, l\u2019Olympique de Marseille a mis fin \u00e0 une<br \/>\nincroyable disette.<\/strong><\/p>\n<p>L\u2019Olympique de Marseille a remport\u00e9 une victoire qui compte.<br \/>\nAvec seulement trois points au compteur apr\u00e8s quatre journ\u00e9es dans<br \/>\nla phase de la Ligue, les Ciel et Blanc n\u2019avaient en effet d\u2019autre<br \/>\nchoix que de l\u2019emporter face \u00e0 Newcastle, mardi, pour entretenir<br \/>\nleurs chances de qualification pour les barrages.<\/p>\n<blockquote class=\"twitter-tweet\"><p><a class=\"twitter-link\" rel=\"noindex, nofollow noopener\" href=\"https:\/\/twitter.com\/sports_fr\/status\/1993548771024597453?s=20\" target=\"_blank\"><\/p><\/blockquote>\n<p>Et malgr\u00e9 l\u2019ouverture du score des Magpies apr\u00e8s seulement six<br \/>\nminutes, l\u2019OM est parvenu \u00e0 ses fins sur la pelouse du V\u00e9lodrome.<br \/>\nApr\u00e8s avoir g\u00e2ch\u00e9 plusieurs opportunit\u00e9s avant la pause,<br \/>\nPierre-Emerick Aubameyang a tout renvers\u00e9 au retour des vestiaires<br \/>\nen inscrivant deux buts en moins de cinq minutes. De quoi permettre<br \/>\naux hommes de Roberto De Zerbi de l\u2019emporter 2-1 et de se replacer<br \/>\ndans la course \u00e0 la qualification.<\/p>\n<p>Une premi\u00e8re depuis 2012<\/p>\n<p>Gr\u00e2ce \u00e0 cette victoire, l\u2019OM a \u00e9galement mis fin \u00e0 deux<br \/>\nincroyables s\u00e9ries. Le club olympien ne l\u2019avait plus emport\u00e9 en<br \/>\neffet en Coupe d\u2019Europe face \u00e0 une formation anglaise depuis pr\u00e8s<br \/>\nde 15 ans et un succ\u00e8s 1-0 d\u00e9croch\u00e9 face \u00e0 Chelsea gr\u00e2ce \u00e0 un but<br \/>\nde Brandao. Depuis, les Marseillais avaient encha\u00een\u00e9 12 matches<br \/>\nsans la moindre victoire face aux clubs anglais.<\/p>\n<p>Surtout, ce succ\u00e8s vaut \u00e9galement aux Phoc\u00e9ens de mettre fin \u00e0<br \/>\nune incroyable s\u00e9rie de dix-sept d\u00e9faites cons\u00e9cutives contre une<br \/>\n\u00e9quipe issue des quatre grands championnats europ\u00e9ens. Pour<br \/>\nretrouver trace d\u2019un match conclu sur un autre r\u00e9sultat qu\u2019une<br \/>\nd\u00e9faite, il faut en effet remonter au printemps 2012 et une<br \/>\nvictoire d\u00e9croch\u00e9e sur l\u2019Inter Milan en huiti\u00e8mes de finale de la<br \/>\nLigue des champions (1-0).<\/p>\n<p><script async src=\"https:\/\/platform.twitter.com\/widgets.js\" charset=\"utf-8\"><\/script><\/p>\n","protected":false},"excerpt":{"rendered":"Gr\u00e2ce \u00e0 sa victoire d\u00e9croch\u00e9e mardi face \u00e0 Newcastle, l\u2019Olympique de Marseille a mis fin \u00e0 une incroyable&hellip;\n","protected":false},"author":2,"featured_media":559528,"comment_status":"","ping_status":"","sticky":false,"template":"","format":"standard","meta":{"footnotes":""},"categories":[2814],"tags":[1111,11,1777,674,1011,27,884,12,882,25],"class_list":{"0":"post-559527","1":"post","2":"type-post","3":"status-publish","4":"format-standard","5":"has-post-thumbnail","7":"category-marseille","8":"tag-actu","9":"tag-actualites","10":"tag-eu","11":"tag-europe","12":"tag-fr","13":"tag-france","14":"tag-marseille","15":"tag-news","16":"tag-provence-alpes-cote-dazur","17":"tag-republique-francaise"},"share_on_mastodon":{"url":"https:\/\/pubeurope.com\/@fr\/115615035760125789","error":""},"_links":{"self":[{"href":"https:\/\/www.europesays.com\/fr\/wp-json\/wp\/v2\/posts\/559527","targetHints":{"allow":["GET"]}}],"collection":[{"href":"https:\/\/www.europesays.com\/fr\/wp-json\/wp\/v2\/posts"}],"about":[{"href":"https:\/\/www.europesays.com\/fr\/wp-json\/wp\/v2\/types\/post"}],"author":[{"embeddable":true,"href":"https:\/\/www.europesays.com\/fr\/wp-json\/wp\/v2\/users\/2"}],"replies":[{"embeddable":true,"href":"https:\/\/www.europesays.com\/fr\/wp-json\/wp\/v2\/comments?post=559527"}],"version-history":[{"count":0,"href":"https:\/\/www.europesays.com\/fr\/wp-json\/wp\/v2\/posts\/559527\/revisions"}],"wp:featuredmedia":[{"embeddable":true,"href":"https:\/\/www.europesays.com\/fr\/wp-json\/wp\/v2\/media\/559528"}],"wp:attachment":[{"href":"https:\/\/www.europesays.com\/fr\/wp-json\/wp\/v2\/media?parent=559527"}],"wp:term":[{"taxonomy":"category","embeddable":true,"href":"https:\/\/www.europesays.com\/fr\/wp-json\/wp\/v2\/categories?post=559527"},{"taxonomy":"post_tag","embeddable":true,"href":"https:\/\/www.europesays.com\/fr\/wp-json\/wp\/v2\/tags?post=559527"}],"curies":[{"name":"wp","href":"https:\/\/api.w.org\/{rel}","templated":true}]}}