{"id":55953,"date":"2025-04-27T04:07:16","date_gmt":"2025-04-27T04:07:16","guid":{"rendered":"https:\/\/www.europesays.com\/fr\/55953\/"},"modified":"2025-04-27T04:07:16","modified_gmt":"2025-04-27T04:07:16","slug":"melesse-gratiferia-une-belle-occasion-de-donner-pour-dautres","status":"publish","type":"post","link":"https:\/\/www.europesays.com\/fr\/55953\/","title":{"rendered":"Melesse. Gratiferia, une belle occasion de donner pour d\u2019autres"},"content":{"rendered":"<p>Donner le superflu sans rien attendre en retour\u00a0: tel est le mot d\u2019ordre des organisateurs de la Gratiferia, ce march\u00e9 gratuit n\u00e9 en Argentine, qui est avant tout une invitation \u00e0 se d\u00e9barrasser d\u2019objets devenus inutiles.<\/p>\n<p>Les premi\u00e8res \u00e9ditions lanc\u00e9es par l\u2019association Recycle\u2019rit Solidaire ayant \u00e9t\u00e9 couronn\u00e9es de succ\u00e8s, l\u2019association organise de nouveau ce rendez-vous o\u00f9 certains donnent pour que d\u2019autres prennent. \u00a0C\u2019est notre espace \u00e9ph\u00e9m\u00e8re de gratuit\u00e9\u00a0, indique l\u2019\u00e9quipe organisatrice.<\/p>\n<p>Donner ce qui ne sert plus ne signifie pas se d\u00e9barrasser de n\u2019importe quoi. \u00a0Nous n\u2019acceptons que des objets propres, en bon \u00e9tat et r\u00e9utilisables\u00a0, insiste l\u2019\u00e9quipe. Ainsi, vaisselle, linge de maison, livres, accessoires d\u00e9coratifs, petit\u00a0\u00e9lectrom\u00e9nager et autres jeux font partie des objets privil\u00e9gi\u00e9s. \u00a0Ce qui restera sera donn\u00e9 \u00e0 Emma\u00fcs\u00a0, ajoutent les organisateurs.<\/p>\n<p>Samedi 26\u00a0avril, de 9\u00a0h \u00e0 12\u00a0h, r\u00e9cup\u00e9ration des dons \u00e0 la salle multifonction du Champ-Courtin. <strong class=\"date\">Dimanche 27\u00a0avril,<\/strong> Gratiferia de 9\u00a0h \u00e0 12\u00a0h. Contact\u00a0: recycleriesolidairemelesse@gmail.com<\/p>\n<p>\u00a0<\/p>\n","protected":false},"excerpt":{"rendered":"Donner le superflu sans rien attendre en retour\u00a0: tel est le mot d\u2019ordre des organisateurs de la Gratiferia,&hellip;\n","protected":false},"author":2,"featured_media":55954,"comment_status":"","ping_status":"","sticky":false,"template":"","format":"standard","meta":{"footnotes":""},"categories":[2821],"tags":[1111,11,6041,829,11269,1777,674,1011,27,15106,9113,12,13719,3086,584,25],"class_list":{"0":"post-55953","1":"post","2":"type-post","3":"status-publish","4":"format-standard","5":"has-post-thumbnail","7":"category-rennes","8":"tag-actu","9":"tag-actualites","10":"tag-belle","11":"tag-bretagne","12":"tag-donner","13":"tag-eu","14":"tag-europe","15":"tag-fr","16":"tag-france","17":"tag-gratiferia","18":"tag-melesse","19":"tag-news","20":"tag-occasion","21":"tag-redon","22":"tag-rennes","23":"tag-republique-francaise"},"share_on_mastodon":{"url":"https:\/\/pubeurope.com\/@fr\/114407960932801381","error":""},"_links":{"self":[{"href":"https:\/\/www.europesays.com\/fr\/wp-json\/wp\/v2\/posts\/55953","targetHints":{"allow":["GET"]}}],"collection":[{"href":"https:\/\/www.europesays.com\/fr\/wp-json\/wp\/v2\/posts"}],"about":[{"href":"https:\/\/www.europesays.com\/fr\/wp-json\/wp\/v2\/types\/post"}],"author":[{"embeddable":true,"href":"https:\/\/www.europesays.com\/fr\/wp-json\/wp\/v2\/users\/2"}],"replies":[{"embeddable":true,"href":"https:\/\/www.europesays.com\/fr\/wp-json\/wp\/v2\/comments?post=55953"}],"version-history":[{"count":0,"href":"https:\/\/www.europesays.com\/fr\/wp-json\/wp\/v2\/posts\/55953\/revisions"}],"wp:featuredmedia":[{"embeddable":true,"href":"https:\/\/www.europesays.com\/fr\/wp-json\/wp\/v2\/media\/55954"}],"wp:attachment":[{"href":"https:\/\/www.europesays.com\/fr\/wp-json\/wp\/v2\/media?parent=55953"}],"wp:term":[{"taxonomy":"category","embeddable":true,"href":"https:\/\/www.europesays.com\/fr\/wp-json\/wp\/v2\/categories?post=55953"},{"taxonomy":"post_tag","embeddable":true,"href":"https:\/\/www.europesays.com\/fr\/wp-json\/wp\/v2\/tags?post=55953"}],"curies":[{"name":"wp","href":"https:\/\/api.w.org\/{rel}","templated":true}]}}