{"id":559533,"date":"2025-11-26T08:26:19","date_gmt":"2025-11-26T08:26:19","guid":{"rendered":"https:\/\/www.europesays.com\/fr\/559533\/"},"modified":"2025-11-26T08:26:19","modified_gmt":"2025-11-26T08:26:19","slug":"ca-fait-longtemps-quon-a-pas-eu-une-petite-demonstration-du-psg-100-psg-le-billet","status":"publish","type":"post","link":"https:\/\/www.europesays.com\/fr\/559533\/","title":{"rendered":"\u00ab\u00a0\u00c7a fait longtemps qu&rsquo;on a pas eu une petite d\u00e9monstration du PSG\u00a0\u00bb &#8211; 100% PSG, le billet"},"content":{"rendered":"<p>Le PSG retrouve la Ligue des champions. Quelques semaines apr\u00e8s la premi\u00e8re d\u00e9faite de la saison face au Bayern Munich, les hommes de Luis Enrique affrontent Tottenham. Rencontre \u00e0 suivre sur votre radio locale ICI Paris \u00cele-de-France mais aussi sur la nouvelle chaine Youtube 100% PSG.<\/p>\n<p>C&rsquo;est un jour important pour le Paris Saint-Germain\u00a0et pour ses supporters.<\/p>\n<p>Pour le club c\u2019est facile c\u2019est le retour de la Ligue des champions, <strong>PSG-Tottenham<\/strong> j\u2019y reviens dans quelques instants.<\/p>\n<p>Mais c\u2019est aussi un grand jour pour les supporters du <strong>PSG<\/strong> puisqu\u2019aujourd\u2019hui c\u2019est le lancement officiel de <a target=\"_blank\" rel=\"nofollow noopener noreferrer\" class=\"IciLink ici-link IciArticleLink g-ici-body-regular-1 underline brand svelte-1chfe2s\" href=\"https:\/\/www.youtube.com\/@iciparisiledefrance\">la chaine Youtube 100% PSG ICI Paris \u00cele-de-France.<\/a><\/p>\n<p>Alors ceux qui sont pr\u00e9sents sur internet et qui nous regardent peuvent d\u00e9j\u00e0 <strong>s\u2019abonner \u00e0 cette chaine c\u2019est bien s\u00fbr enti\u00e8rement gratuit.<\/strong><\/p>\n<p>Sur cette chaine vous pouvez retrouver\u00a0: tous les programmes <strong>PSG<\/strong> de votre radio locale, en version vid\u00e9o. Donc mon billet d\u2019humeur le matin, les podcasts la tribune et le Mag avec <strong>Bruno Salomon<\/strong> et <strong>Pia Clemens.<\/strong><\/p>\n<p>Vous pouvez aussi retrouver des reportages exclusifs comme celui sur\u00a0<a target=\"_blank\" rel=\"nofollow noopener noreferrer\" class=\"IciLink ici-link IciArticleLink g-ici-body-regular-1 underline brand svelte-1chfe2s\" href=\"https:\/\/www.youtube.com\/shorts\/H8mF4yRWOhI\">la cantine solidaire au Parc des Princes<\/a>\u00a0il y a 15 jours ou encore l\u2019interview en int\u00e9gralit\u00e9 de <strong>Vitinha<\/strong> il y a un mois.<\/p>\n<p><a href=\"https:\/\/www.youtube.com\/watch?v=dkl9AI0xq_U\" target=\"_blank\" rel=\"noopener noreferrer\" class=\"Youtube svelte-isxgy6\" style=\"background-image: url(https:\/\/i.ytimg.com\/vi\/dkl9AI0xq_U\/sddefault.jpg);\"><\/p>\n<p>VITINHA : son r\u00f4le de n\u00b06, Luis Enrique, ses secrets de pr\u00e9pa, Ballon d&rsquo;Or&#8230; | ENTRETIEN EXCLUSIF<\/p>\n<p> <\/a> <\/p>\n<p>Et puis vous pouvez \u00e9galement vivre votre passion du <strong>PSG<\/strong> lors des soir\u00e9es de Ligue des champions qui sont retransmises en direct. \u00c7a sera le cas ce soir avec en prime pour lancer cette chaine un superbe cadeau\u00a0: <strong>le tout nouveau maillot noir avec le liser\u00e9 rouge sorti hier par le PSG vous pouvez \u00eatre les premiers \u00e0 l\u2019avoir.<\/strong><\/p>\n<p>Donc pour \u00e7a faut aller sur YouTube, taper 100% PSG ici Paris Ile de France dans la barre de recherche et s\u2019abonner \u00e0 cette nouvelle chaine\u00a0: <strong>plus on aura d\u2019abonn\u00e9s, plus on pourra proposer des contenus exclusifs et int\u00e9ressants pour les fans du Paris Saint-Germain.<\/strong><\/p>\n<p>Tottenham, un match important<\/p>\n<p>Oui il est important ce match face \u00e0 <strong>Tottenham<\/strong>. D\u00e9j\u00e0 parce qu\u2019on reste sur une d\u00e9faite face au <strong>Bayern Munich<\/strong> en Ligue des champions.<\/p>\n<p>C\u2019est face \u00e0 un adversaire qu\u2019on a affront\u00e9 pour le tout premier match de cette saison en Supercoupe d\u2019Europe et qui menait 2-0 contre nous jusque dans les derniers instants donc il faut s\u2019en m\u00e9fier.<\/p>\n<p>Et puis c\u2019est un match important parce que <strong>\u00e7a fait longtemps que le PSG ne nous a pas sorti une petite d\u00e9monstration.<\/strong><\/p>\n<p>Dans cette saison si sp\u00e9ciale, avec les bless\u00e9s la forme physique et les \u00e9ch\u00e9ances \u00e0 venir, nous avons <strong>adapt\u00e9 notre exigence quotidienne<\/strong> envers l\u2019\u00e9quipe. En tout cas moi je l\u2019ai fait, plus que les autres saisons d\u2019ailleurs.<\/p>\n<p>Personnellement j\u2019ai une plus grande cl\u00e9mence sur les matches en Ligue 1\u2026 mais \u00e7a c\u2019est en l\u2019\u00e9change d\u2019une chose\u00a0: <strong>que l\u2019\u00e9quipe montre une fois de temps en temps qu\u2019elle est en capacit\u00e9 de r\u00e9activer son mode rouleau compresseur.<\/strong><\/p>\n<p>Et elle l\u2019a fait cette saison\u00a0: en Ligue des champions contre l\u2019<strong>Atalanta<\/strong>, \u00e0 <strong>Barcelone<\/strong>, ou encore \u00e0 <strong>Leverkusen<\/strong>. Pendant ces matches on a retrouv\u00e9 le <strong>PSG<\/strong> clinique, \u00e9touffant, pr\u00e9cis et diaboliquement efficace.<\/p>\n<p>Sauf <strong>Leverkusen<\/strong>, c\u2019\u00e9tait il y a plus d\u2019un mois. Du coup ce soir moi j\u2019ai envie d\u2019une petite d\u00e9monstration face \u00e0 <strong>Tottenham<\/strong>, juste histoire de montrer que ce <strong>PSG<\/strong> sait toujours \u00eatre irr\u00e9sistible.<\/p>\n<p><strong>\u00c7a passe par un pressing intense, des jeux de passes l\u00e9ch\u00e9s et une efficacit\u00e9 offensive, tout ce qui a fait le PSG de 2025 quoi. J\u2019esp\u00e8re voir \u00e7a ce soir, Tottenham parait l\u2019adversaire parfait pour ex\u00e9cuter le plan, vivement le coup d\u2019envoi.<\/strong><\/p>\n","protected":false},"excerpt":{"rendered":"Le PSG retrouve la Ligue des champions. Quelques semaines apr\u00e8s la premi\u00e8re d\u00e9faite de la saison face au&hellip;\n","protected":false},"author":2,"featured_media":559534,"comment_status":"","ping_status":"","sticky":false,"template":"","format":"standard","meta":{"footnotes":""},"categories":[1592],"tags":[1111,11,1777,674,1011,27,662,12,626,25],"class_list":{"0":"post-559533","1":"post","2":"type-post","3":"status-publish","4":"format-standard","5":"has-post-thumbnail","7":"category-ile-de-france","8":"tag-actu","9":"tag-actualites","10":"tag-eu","11":"tag-europe","12":"tag-fr","13":"tag-france","14":"tag-ile-de-france","15":"tag-news","16":"tag-paris","17":"tag-republique-francaise"},"share_on_mastodon":{"url":"","error":""},"_links":{"self":[{"href":"https:\/\/www.europesays.com\/fr\/wp-json\/wp\/v2\/posts\/559533","targetHints":{"allow":["GET"]}}],"collection":[{"href":"https:\/\/www.europesays.com\/fr\/wp-json\/wp\/v2\/posts"}],"about":[{"href":"https:\/\/www.europesays.com\/fr\/wp-json\/wp\/v2\/types\/post"}],"author":[{"embeddable":true,"href":"https:\/\/www.europesays.com\/fr\/wp-json\/wp\/v2\/users\/2"}],"replies":[{"embeddable":true,"href":"https:\/\/www.europesays.com\/fr\/wp-json\/wp\/v2\/comments?post=559533"}],"version-history":[{"count":0,"href":"https:\/\/www.europesays.com\/fr\/wp-json\/wp\/v2\/posts\/559533\/revisions"}],"wp:featuredmedia":[{"embeddable":true,"href":"https:\/\/www.europesays.com\/fr\/wp-json\/wp\/v2\/media\/559534"}],"wp:attachment":[{"href":"https:\/\/www.europesays.com\/fr\/wp-json\/wp\/v2\/media?parent=559533"}],"wp:term":[{"taxonomy":"category","embeddable":true,"href":"https:\/\/www.europesays.com\/fr\/wp-json\/wp\/v2\/categories?post=559533"},{"taxonomy":"post_tag","embeddable":true,"href":"https:\/\/www.europesays.com\/fr\/wp-json\/wp\/v2\/tags?post=559533"}],"curies":[{"name":"wp","href":"https:\/\/api.w.org\/{rel}","templated":true}]}}