{"id":559535,"date":"2025-11-26T08:27:13","date_gmt":"2025-11-26T08:27:13","guid":{"rendered":"https:\/\/www.europesays.com\/fr\/559535\/"},"modified":"2025-11-26T08:27:13","modified_gmt":"2025-11-26T08:27:13","slug":"a-paris-une-reunion-des-droites-sous-legide-des-medias-bollore-actualites","status":"publish","type":"post","link":"https:\/\/www.europesays.com\/fr\/559535\/","title":{"rendered":"A Paris, une r\u00e9union des droites sous l&rsquo;\u00e9gide des m\u00e9dias Bollor\u00e9 : Actualit\u00e9s"},"content":{"rendered":"<p class=\"lead \">Animateurs, politiques en pr\u00e9-campagne et formules choc: le temps d&rsquo;une grand-messe devant quelques milliers de sympathisants, les m\u00e9dias du milliardaire conservateur Vincent Bollor\u00e9 ont mis en avant leurs th\u00e9matiques f\u00e9tiches &#8211; identit\u00e9, immigration, s\u00e9curit\u00e9 &#8211; et un \u00e9ventail de personnalit\u00e9s de droite et d&rsquo;extr\u00eame droite susceptibles de les porter pour 2027.<\/p>\n<p class=\"lead \">Mardi 20H00, les 4.000 places du D\u00f4me de Paris, plong\u00e9es dans le noir, sont remplies. Musique \u00e9pique, jeu de projecteurs bleus, blancs, rouges, le ton est donn\u00e9. <\/p>\n<p class=\"lead \">Pour chauffer la salle, le directeur du JDD, Geoffroy Lejeune commence par quelques railleries sur Lib\u00e9ration, Mediapart et T\u00e9l\u00e9rama. Hu\u00e9es puis rires quand il lance: \u00ab\u00a0On sait quel article ils vont \u00e9crire, on l&rsquo;a r\u00e9dig\u00e9 comme \u00e7a ils pourront aller au bistrot\u00a0\u00bb.<\/p>\n<p class=\"lead \">Appara\u00eet Philippe de Villiers, largement promu par le groupe du milliardaire breton &#8211; il est chroniqueur chez Cnews et son dernier livre est publi\u00e9 chez Fayard, \u00e9galement dans la galaxie Bollor\u00e9. <\/p>\n<p class=\"lead \">Le souverainiste commence par \u00ab\u00a0remercier Jean-Luc M\u00e9lenchon\u00a0\u00bb &#8211; qui lui aurait inspir\u00e9 son ouvrage &#8211; d\u00e9clenchant une nouvelle bronca.<\/p>\n<p class=\"lead \">Puis, il sert son discours habituel sur une France \u00ab\u00a0au bord de l&rsquo;ab\u00eeme\u00a0\u00bb, menac\u00e9e par \u00ab\u00a0un changement de peuplement\u00a0\u00bb encourag\u00e9 par \u00ab\u00a0un parti sarrasin\u00a0\u00bb, et abandonn\u00e9e par des \u00ab\u00a0\u00e9lites \u00e9cartel\u00e9es entre le wokistan et l&rsquo;islamistan\u00a0\u00bb.<\/p>\n<p class=\"lead \">Pour le fondateur du Puy du Fou, la solution est simple: \u00ab\u00a0la remigration ou la fran\u00e7isation\u00a0\u00bb. Nouvelle salve d&rsquo;applaudissements, on entend quelques \u00ab\u00a0Philippe pr\u00e9sident\u00a0\u00bb. L&rsquo;hypoth\u00e8se d&rsquo;une candidature pour 2027 a encore \u00e9t\u00e9 entretenue en une de Valeurs actuelles la semaine derni\u00e8re, o\u00f9 l&rsquo;int\u00e9ress\u00e9 affirme \u00eatre \u00ab\u00a0redescendu dans l&rsquo;ar\u00e8ne\u00a0\u00bb.<\/p>\n<p class=\"lead \">Il n&rsquo;est pas le seul. Surgit l&rsquo;animatrice Christine Kelly de Cnews, pour lancer une discussion sur \u00ab\u00a0notre civilisation jud\u00e9o-chr\u00e9tienne\u00a0\u00bb entre Michel Onfray et Eric Zemmour.<\/p>\n<p class=\"lead \">Au terme d&rsquo;un \u00e9change th\u00e9ologique parfois confus, le pr\u00e9sident du parti Reconqu\u00eate conclut que \u00ab\u00a0la croisade a sauv\u00e9 l&rsquo;Occident\u00a0\u00bb et qu'\u00a0\u00bb\u00e0 partir du moment o\u00f9 nous retrouverons notre identit\u00e9, tout ira beaucoup mieux\u00a0\u00bb. L&rsquo;ancien pol\u00e9miste de Cnews, propuls\u00e9 par l&#8217;empire Bollor\u00e9 dans la course \u00e0 l&rsquo;Elys\u00e9e en 2022, esp\u00e8re d\u00e9j\u00e0 rendosser son costume de candidat en 2027. En attendant, il reste lui aussi en t\u00eate de gondole chez Fayard.<\/p>\n<p class=\"lead \">&#8211; \u00ab\u00a0Le c\u00f4t\u00e9 sans filtre\u00a0\u00bb &#8211;<\/p>\n<p class=\"lead \">D&rsquo;autres ne b\u00e9n\u00e9ficient pas de la m\u00eame bienveillance. Comme Aurore Berg\u00e9, lors d&rsquo;une tumultueuse s\u00e9quence \u00ab\u00a0ins\u00e9curit\u00e9\u00a0\u00bb face \u00e0 Claire G\u00e9ronimi, devenue vice-pr\u00e9sidente de l&rsquo;UDR d&rsquo;Eric Ciotti apr\u00e8s avoir \u00e9t\u00e9 victime d&rsquo;un viol par un \u00e9tranger sous OQTF.<\/p>\n<p class=\"lead \">La ministre d\u00e9l\u00e9gu\u00e9e \u00e0 l&rsquo;Egalit\u00e9 Femmes-Hommes, conspu\u00e9e, reste combative: \u00ab\u00a0Je suis venue pour accepter l&rsquo;id\u00e9e du d\u00e9bat (&#8230;) Ma ligne ne changera pas, quel que soit le public\u00a0\u00bb. <\/p>\n<p class=\"lead \">Plus en phase avec l&rsquo;assistance, l&rsquo;avocat Gilles-William Goldnadel fustige \u00ab\u00a0le racisme anti-blanc\u00a0\u00bb et le \u00ab\u00a0f\u00e9minisme d&rsquo;extr\u00eame gauche\u00a0\u00bb.<\/p>\n<p class=\"lead \">Un discours familier aux oreilles de Philippe, 55 ans et sans emploi, qui a d\u00e9bours\u00e9 25 euros pour \u00ab\u00a0voir le c\u00f4t\u00e9 sans filtre\u00a0\u00bb de ces personnalit\u00e9s m\u00e9diatiques dont il \u00ab\u00a0partage les id\u00e9es, sans ambigu\u00eft\u00e9\u00a0\u00bb. Plus int\u00e9ress\u00e9 par l&rsquo;aspect politique, Foucauld, 24 ans, \u00e9tudiant en \u00e9cole de commerce, reconna\u00eet que l&rsquo;\u00e9v\u00e9nement \u00ab\u00a0participe \u00e0 faire avancer les pions vers l&rsquo;union des droites\u00a0\u00bb.<\/p>\n<p class=\"lead \">Pourquoi pas avec David Lisnard? Invit\u00e9 \u00e0 ouvrir le chapitre du \u00ab\u00a0grand enjeu\u00a0\u00bb des municipales de mars 2026, le maire de Cannes fait flor\u00e8s avec ses leitmotiv: \u00ab\u00a0Vive la libert\u00e9\u00a0\u00bb et \u00ab\u00a0Afuera!\u00a0\u00bb la \u00ab\u00a0bureaucratie\u00a0\u00bb et la \u00ab\u00a0technocratie\u00a0\u00bb.<\/p>\n<p class=\"lead \">Lui succ\u00e8dent une brochette de candidats plus ou moins d\u00e9clar\u00e9s, dont la d\u00e9put\u00e9e RN Laure Lavalette d\u00e9plorant qu&rsquo;il y ait \u00ab\u00a0autant de barbiers et de kebabs\u00a0\u00bb dans sa ville de Toulon. <\/p>\n<p class=\"lead \">Signe d&rsquo;un rapprochement entre le parti \u00e0 la flamme et la galaxie Bollor\u00e9? Apr\u00e8s tout, Jordan Bardella en est \u00e0 son deuxi\u00e8me livre publi\u00e9 chez Fayard.<\/p>\n<p class=\"lead \">Mais c&rsquo;est une autre \u00e9toile montante qui est mise \u00e0 l&rsquo;honneur mardi soir. Clou du spectacle, l&rsquo;eurod\u00e9put\u00e9e Reconqu\u00eate Sarah Knafo vient d\u00e9livrer un \u00ab\u00a0message d&rsquo;esp\u00e9rance\u00a0\u00bb face \u00e0 l&rsquo;essayiste Eric Neaulleau, dans le r\u00f4le du d\u00e9cliniste persuad\u00e9 que \u00ab\u00a0tout est foutu\u00a0\u00bb car \u00ab\u00a0les lieux de pouvoir sont tous tenus par des gens anim\u00e9s d&rsquo;une id\u00e9ologie immigrationniste\u00a0\u00bb.<\/p>\n<p class=\"lead \">Au contraire, les id\u00e9es infusent dans la soci\u00e9t\u00e9 et \u00ab\u00a0le combat de la lucidit\u00e9 est gagn\u00e9\u00a0\u00bb, r\u00e9plique la nouvelle coqueluche de la \u00ab\u00a0bollosph\u00e8re\u00a0\u00bb, qui assure \u00ab\u00a0qu&rsquo;on peut changer les choses, avec m\u00e9thode, d\u00e9termination et travail\u00a0\u00bb. Et quelques solides appuis.<\/p>\n<p class=\"small font-weight-bold text-gray3 \"> publi\u00e9 le 26 novembre \u00e0 08h22, AFP<\/p>\n<p>                             Partager<\/p>\n","protected":false},"excerpt":{"rendered":"Animateurs, politiques en pr\u00e9-campagne et formules choc: le temps d&rsquo;une grand-messe devant quelques milliers de sympathisants, les m\u00e9dias&hellip;\n","protected":false},"author":2,"featured_media":559536,"comment_status":"","ping_status":"","sticky":false,"template":"","format":"standard","meta":{"footnotes":""},"categories":[1888],"tags":[1111,1928,11,1927,1777,674,1011,27,9555,12,1926,626,1925,316,25],"class_list":{"0":"post-559535","1":"post","2":"type-post","3":"status-publish","4":"format-standard","5":"has-post-thumbnail","7":"category-paris","8":"tag-actu","9":"tag-actu-paris","10":"tag-actualites","11":"tag-actualites-paris","12":"tag-eu","13":"tag-europe","14":"tag-fr","15":"tag-france","16":"tag-mdias","17":"tag-news","18":"tag-news-paris","19":"tag-paris","20":"tag-paris-news","21":"tag-politique","22":"tag-republique-francaise"},"share_on_mastodon":{"url":"https:\/\/pubeurope.com\/@fr\/115615055564308381","error":""},"_links":{"self":[{"href":"https:\/\/www.europesays.com\/fr\/wp-json\/wp\/v2\/posts\/559535","targetHints":{"allow":["GET"]}}],"collection":[{"href":"https:\/\/www.europesays.com\/fr\/wp-json\/wp\/v2\/posts"}],"about":[{"href":"https:\/\/www.europesays.com\/fr\/wp-json\/wp\/v2\/types\/post"}],"author":[{"embeddable":true,"href":"https:\/\/www.europesays.com\/fr\/wp-json\/wp\/v2\/users\/2"}],"replies":[{"embeddable":true,"href":"https:\/\/www.europesays.com\/fr\/wp-json\/wp\/v2\/comments?post=559535"}],"version-history":[{"count":0,"href":"https:\/\/www.europesays.com\/fr\/wp-json\/wp\/v2\/posts\/559535\/revisions"}],"wp:featuredmedia":[{"embeddable":true,"href":"https:\/\/www.europesays.com\/fr\/wp-json\/wp\/v2\/media\/559536"}],"wp:attachment":[{"href":"https:\/\/www.europesays.com\/fr\/wp-json\/wp\/v2\/media?parent=559535"}],"wp:term":[{"taxonomy":"category","embeddable":true,"href":"https:\/\/www.europesays.com\/fr\/wp-json\/wp\/v2\/categories?post=559535"},{"taxonomy":"post_tag","embeddable":true,"href":"https:\/\/www.europesays.com\/fr\/wp-json\/wp\/v2\/tags?post=559535"}],"curies":[{"name":"wp","href":"https:\/\/api.w.org\/{rel}","templated":true}]}}