{"id":559543,"date":"2025-11-26T08:31:24","date_gmt":"2025-11-26T08:31:24","guid":{"rendered":"https:\/\/www.europesays.com\/fr\/559543\/"},"modified":"2025-11-26T08:31:24","modified_gmt":"2025-11-26T08:31:24","slug":"soupcons-dingerence-et-despionnage-au-profit-de-la-russie-trois-personnes-mises-en-examen-a-paris","status":"publish","type":"post","link":"https:\/\/www.europesays.com\/fr\/559543\/","title":{"rendered":"Soup\u00e7ons d&rsquo;ing\u00e9rence et d&rsquo;espionnage au profit de la Russie\u00a0: trois personnes mises en examen \u00e0 Paris"},"content":{"rendered":"<p>Apr\u00e8s la d\u00e9couverte d&rsquo;affiches prorusses sur l&rsquo;Arc de triomphe au mois de septembre, trois personnes ont \u00e9t\u00e9 mises en examen et \u00e9crou\u00e9es \u00e0 Paris. Elles sont soup\u00e7onn\u00e9es d&rsquo;espionnage et d&rsquo;ing\u00e9rence au profit de Moscou.<\/p>\n<p>Trois personnes ont \u00e9t\u00e9 mises en examen et \u00e9crou\u00e9es \u00e0 Paris dans le cadre d&rsquo;une double affaire d&rsquo;espionnage \u00e9conomique au profit de Moscou et d&rsquo;ing\u00e9rence apr\u00e8s la d\u00e9couverte d&rsquo;affiches prorusses sur l&rsquo;Arc de triomphe. <strong>L&rsquo;un des mis en examen, un Russe de 40 ans, a \u00e9t\u00e9 reconnu par la vid\u00e9osurveillance<\/strong> en train de coller d\u00e9but septembre ces affiches \u00e0 la gloire de la Russie, pr\u00e9cise le parquet.<\/p>\n<p>Il en aurait rendu compte par t\u00e9l\u00e9phone \u00e0 la fondatrice de l&rsquo;association SOS Donbass, bas\u00e9e \u00e0 Pau et inscrite \u00e0 la pr\u00e9fecture des Pyr\u00e9n\u00e9es-Atlantiques. Cette femme, une Franco-Russe de 40 ans, \u00e9tait depuis au moins le d\u00e9but de l&rsquo;ann\u00e9e dans le radar de la Direction g\u00e9n\u00e9rale de la s\u00e9curit\u00e9 int\u00e9rieure (DGSI), soup\u00e7onn\u00e9e d&rsquo;avoir approch\u00e9 des cadres d&rsquo;entreprises fran\u00e7aises pour obtenir des renseignements \u00e9conomiques. Ces agissements, \u00ab\u00a0susceptibles de porter atteinte aux int\u00e9r\u00eats fondamentaux de la Nation\u00a0\u00bb, avaient conduit \u00e0 l&rsquo;ouverture d&rsquo;une enqu\u00eate pr\u00e9liminaire.<\/p>\n<p>Une association humanitaire en guise de couverture<\/p>\n<p>La troisi\u00e8me personne \u00e9crou\u00e9e est un homme de 63 ans n\u00e9 en Seine-Saint-Denis. Un quatri\u00e8me mis en examen a pu \u00e9chapper \u00e0 la d\u00e9tention provisoire, mais il est soumis \u00e0 un strict contr\u00f4le judiciaire qui lui interdit notamment toute activit\u00e9 associative en lien avec \u00ab\u00a0la politique internationale de la France, la politique de la Russie ou l&rsquo;aide aux personnes en raison du conflit arm\u00e9 russo-ukrainien\u00a0\u00bb.<\/p>\n<p>L&rsquo;association, baptis\u00e9e SOS Donbass pour \u00ab\u00a0Sud Ouest solidarit\u00e9 Donbass\u00a0\u00bb, servait, selon la DGSI, de couverture \u00e0 des activit\u00e9s d&rsquo;espionnage et de d\u00e9stabilisation. <strong>Elle se pr\u00e9sente comme une organisation d&rsquo;aide humanitaire<\/strong> et organise des collectes de fonds pour des convois d&rsquo;aide aux civils de cette r\u00e9gion de l&rsquo;Est de l&rsquo;Ukraine d\u00e9chir\u00e9e par la guerre. Son site internet fournit \u00e9galement des affiches pr\u00eates \u00e0 imprimer avec le slogan \u00ab\u00a0La Russie n&rsquo;est pas mon ennemie\u00a0\u00bb.<\/p>\n","protected":false},"excerpt":{"rendered":"Apr\u00e8s la d\u00e9couverte d&rsquo;affiches prorusses sur l&rsquo;Arc de triomphe au mois de septembre, trois personnes ont \u00e9t\u00e9 mises&hellip;\n","protected":false},"author":2,"featured_media":559544,"comment_status":"","ping_status":"","sticky":false,"template":"","format":"standard","meta":{"footnotes":""},"categories":[1591],"tags":[11,1887,12,1885,1886,132],"class_list":{"0":"post-559543","1":"post","2":"type-post","3":"status-publish","4":"format-standard","5":"has-post-thumbnail","7":"category-russie","8":"tag-actualites","9":"tag-federation-de-russie","10":"tag-news","11":"tag-russia","12":"tag-russian-federation","13":"tag-russie"},"share_on_mastodon":{"url":"https:\/\/pubeurope.com\/@fr\/115615071304718563","error":""},"_links":{"self":[{"href":"https:\/\/www.europesays.com\/fr\/wp-json\/wp\/v2\/posts\/559543","targetHints":{"allow":["GET"]}}],"collection":[{"href":"https:\/\/www.europesays.com\/fr\/wp-json\/wp\/v2\/posts"}],"about":[{"href":"https:\/\/www.europesays.com\/fr\/wp-json\/wp\/v2\/types\/post"}],"author":[{"embeddable":true,"href":"https:\/\/www.europesays.com\/fr\/wp-json\/wp\/v2\/users\/2"}],"replies":[{"embeddable":true,"href":"https:\/\/www.europesays.com\/fr\/wp-json\/wp\/v2\/comments?post=559543"}],"version-history":[{"count":0,"href":"https:\/\/www.europesays.com\/fr\/wp-json\/wp\/v2\/posts\/559543\/revisions"}],"wp:featuredmedia":[{"embeddable":true,"href":"https:\/\/www.europesays.com\/fr\/wp-json\/wp\/v2\/media\/559544"}],"wp:attachment":[{"href":"https:\/\/www.europesays.com\/fr\/wp-json\/wp\/v2\/media?parent=559543"}],"wp:term":[{"taxonomy":"category","embeddable":true,"href":"https:\/\/www.europesays.com\/fr\/wp-json\/wp\/v2\/categories?post=559543"},{"taxonomy":"post_tag","embeddable":true,"href":"https:\/\/www.europesays.com\/fr\/wp-json\/wp\/v2\/tags?post=559543"}],"curies":[{"name":"wp","href":"https:\/\/api.w.org\/{rel}","templated":true}]}}