{"id":559555,"date":"2025-11-26T08:37:24","date_gmt":"2025-11-26T08:37:24","guid":{"rendered":"https:\/\/www.europesays.com\/fr\/559555\/"},"modified":"2025-11-26T08:37:24","modified_gmt":"2025-11-26T08:37:24","slug":"un-homme-retrouve-mort-dans-lincendie-dimmeuble-jai-eu-la-peur-de-ma-vie","status":"publish","type":"post","link":"https:\/\/www.europesays.com\/fr\/559555\/","title":{"rendered":"un homme retrouv\u00e9 mort dans l&rsquo;incendie d&rsquo;immeuble&#8230; \u00ab\u00a0j&rsquo;ai eu la peur de ma vie\u00a0\u00bb"},"content":{"rendered":"<p>                    Par<br \/>\n        <strong><br \/>\n            <a href=\"https:\/\/actu.fr\/auteur\/julien-vancaeyseele\" title=\"Consulter tous les articles de Julien Van Caeyseele\" target=\"_blank\" rel=\"noopener\">Julien Van Caeyseele<\/a><br \/>\n                    <\/strong><\/p>\n<p>        Publi\u00e9 le<\/p>\n<p>            26 nov. 2025 \u00e0 8h31        <\/p>\n<p>\u00ab\u2009J\u2019ai entendu des bruits de verre cass\u00e9, c\u2019est \u00e7a qui m\u2019a r\u00e9veill\u00e9\u2009! Je me suis approch\u00e9 de la fen\u00eatre, puis j\u2019ai vu la lumi\u00e8re orange\u2026 en ouvrant, j\u2019ai directement pris la fum\u00e9e en plein visage\u2009: j\u2019ai vite compris <b>qu\u2019il y avait le feu<\/b>.\u2009\u00bb Le r\u00e9veil a \u00e9t\u00e9 brutal pour Laurent, un habitant d\u2019<a href=\"https:\/\/actu.fr\/ile-de-france\/avon_77014\" target=\"_blank\" rel=\"noopener\">Avon<\/a> <b>(Seine-et-Marne)<\/b>, mais aussi tous les habitants de cet immeuble, ce mercredi 26\u00a0novembre 2025. Vers 4\u2009h\u200945, un <a href=\"https:\/\/actu.fr\/tag\/incendie\" target=\"_blank\" rel=\"noopener\">violent incendie<\/a> s\u2019est d\u00e9clar\u00e9 au 2e \u00e9tage de la <b>r\u00e9sidence Les Ruches<\/b>, situ\u00e9e au 10, avenue des Carrosses. Le sinistre a malheureusement fait <b>une victime<\/b>.<\/p>\n<p>Un homme d\u00e9c\u00e9d\u00e9 dans l\u2019incendie de son appartement \u00e0 Avon<\/p>\n<p class=\" wall-content\">\u00ab\u2009J\u2019ai r\u00e9veill\u00e9 ma femme mon enfant et je suis descendu en frappant \u00e0 toutes les portes et <b>en criant dans la cage d\u2019escalier<\/b>, poursuit Laurent, qui habite au sixi\u00e8me \u00e9tage de cet immeuble qui en compte sept. Quelques personnes \u00e9taient d\u00e9j\u00e0 \u00e0 l\u2019ext\u00e9rieur et avaient pr\u00e9venu les pompiers. J\u2019ai eu <b>la peur de ma vie<\/b>.\u2009\u00bb Selon les premiers \u00e9l\u00e9ments, l\u2019incendie a fait une victime. Une personne a \u00e9t\u00e9<b> retrouv\u00e9e d\u00e9c\u00e9d\u00e9e <\/b>dans le logement o\u00f9 sont parties les flammes.<\/p>\n<p class=\" wall-content\">La victime serait d\u00e9c\u00e9d\u00e9e par asphyxie, mais n\u2019a pas pu \u00eatre formellement identifi\u00e9e. Il pourrait cependant s\u2019agir d\u2019un homme qui est l\u2019occupant de cet appartement. Si l\u2019origine des flammes n\u2019est pas connue, l\u2019intervention des pompiers a \u00e9t\u00e9 rendue difficile, notamment \u00ab\u2009\u00e0 cause d\u2019un amoncellement de nombreux objets qui ont rendu d\u00e9licate l\u2019action d\u2019extinction et la progression dans le logement\u00bb, indique un soldat du feu. Selon plusieurs sources sur place, cet habitant \u00e9tait potentiellement atteint du <a href=\"https:\/\/e-psychiatrie.fr\/situations-ou-appeler-a-laide\/syndrome-de-diogene-psy-psychiatre-tcc-tip-paris-syllogomanie\/#:~:text=Les%20objets%20accumul%C3%A9s%20sont%20syst%C3%A9matiquement,d%C3%A9ni%20du%20trouble\" target=\"_blank\" rel=\"noopener\"><b>syndrome de Diog\u00e8ne<\/b> ou de <b>syllogomanie<\/b><\/a>.<\/p>\n<p>Une quarantaine de pompiers mobilis\u00e9s et des habitants \u00e9vacu\u00e9s<\/p>\n<p class=\" wall-content\">Une quarantaine de pompiers ont \u00e9t\u00e9 mobilis\u00e9s pour l\u2019intervention, mais l\u2019incendie s\u2019est propag\u00e9 au troisi\u00e8me \u00e9tage. Treize personnes ont pu \u00eatre \u00e9vacu\u00e9es et il n\u2019y a pas d\u2019autres victimes \u00e0 d\u00e9plorer. \u00ab\u2009J\u2019\u00e9tais d\u2019astreinte et je me suis imm\u00e9diatement rendue sur place, indique <b>Marie-Charlotte Nouhaud<\/b>, la maire d\u2019Avon. Nous avons ouvert la mairie pour proposer un accueil aux personnes \u00e9vacu\u00e9es, mais elles devraient rapidement pouvoir rentrer chez elles. Le feu a \u00e9t\u00e9 rapidement circonscrit.\u2009\u00bb<\/p>\n<p>Vid\u00e9os : en ce moment sur Actu<\/p>\n<p class=\" wall-content\">Selon des habitants, l\u2019intervention des pompiers a sembl\u00e9 longue, alors que la <a href=\"https:\/\/actu.fr\/ile-de-france\/fontainebleau_77186\/des-terrains-de-rugby-a-decathlon-le-drole-ditineraire-du-nouveau-chef-des-pompiers-de-fontainebleau_63260952.html\" target=\"_blank\" rel=\"noopener\">caserne de Fontainebleau<\/a> est situ\u00e9e \u00e0 proximit\u00e9. \u00ab\u2009Il s\u2019est pass\u00e9 neuf minutes entre le premier appel et l\u2019arriv\u00e9e sur les lieux, r\u00e9pond le Service d\u00e9partemental d\u2019incendie et de secours de Seine-et-Marne (Sdis77). Vu l\u2019alerte initiale, le dispositif a cependant \u00e9t\u00e9 d\u2019ampleur avec des v\u00e9hicules aussi appel\u00e9 <a href=\"https:\/\/actu.fr\/ile-de-france\/bois-le-roi_77037\" target=\"_blank\" rel=\"noopener\">de Bois-le-Roi<\/a> et <a href=\"https:\/\/actu.fr\/ile-de-france\/vulaines-sur-seine_77533\/autour-de-fontainebleau-la-caserne-va-perdre-ses-pompiers-professionnels_60628159.html\" target=\"_blank\" rel=\"noopener\">Vulaines-sur-Seine<\/a>. Il ne faut jamais h\u00e9siter \u00e0 composer le 18 pour signaler un incendie, m\u00eame si on pense que cela a probablement d\u00e9j\u00e0 \u00e9t\u00e9 fait. Le risque c\u2019est que l\u2019intervention soit retard\u00e9e.\u2009\u00bb<\/p>\n<p>Votre r\u00e9gion, votre actu !<\/p>\n<p>Recevez chaque jour les infos qui comptent pour vous.<\/p>\n<p>\t<a href=\"https:\/\/actu.fr\/newsletter\" class=\"ac-btn ac-btn--corner ac-btn--medium ac-btn--blue800\" target=\"_blank\" rel=\"noopener\">S&rsquo;incrire<\/a><\/p>\n<p class=\" wall-content\">Une enqu\u00eate de police a \u00e9t\u00e9 ouverte au <a href=\"https:\/\/actu.fr\/ile-de-france\/fontainebleau_77186\/seine-et-marne-le-ministre-bruno-retailleau-annonce-du-nouveau-pour-lun-des-commissariats-les-plus-vetustes_63162255.html\" target=\"_blank\" rel=\"noopener\">commissariat de Fontainebleau<\/a>, pour d\u00e9terminer l\u2019origine de l\u2019incendie. De nombreux feux se sont d\u00e9clar\u00e9s ces derniers jours en Seine-et-Marne. Ce samedi 22\u00a0novembre,<a href=\"https:\/\/actu.fr\/ile-de-france\/melun_77288\/incendie-en-seine-et-marne-une-femme-retrouvee-morte-dans-son-appartement-trois-policiers-intoxiques_63475885.html\" target=\"_blank\" rel=\"noopener\"> une femme de 68\u00a0ans \u00e9tait d\u00e9j\u00e0 d\u00e9c\u00e9d\u00e9e<\/a> dans son appartement, touch\u00e9 par un incendie, <b>\u00e0 Melun.<\/b> Ce lundi 24\u00a0novembre, c\u2019est un octog\u00e9naire <a href=\"https:\/\/actu.fr\/ile-de-france\/chailly-en-biere_77069\/seine-et-marne-incendie-et-explosions-dune-maison-au-village-un-homme-en-urgence-absolue_63477662.html\" target=\"_blank\" rel=\"noopener\">qui a \u00e9t\u00e9 gri\u00e8vement br\u00fbl\u00e9 apr\u00e8s l\u2019explosion<\/a> qui a d\u00e9vast\u00e9 sa maison, <a href=\"https:\/\/actu.fr\/ile-de-france\/chailly-en-biere_77069\" target=\"_blank\" rel=\"noopener\">\u00e0 Chailly-en-Bi\u00e8re<\/a>.<\/p>\n<p class=\" wall-content\">Personnalisez votre actualit\u00e9 en ajoutant vos villes et m\u00e9dias en favori avec <a href=\"https:\/\/moncompte.actu.fr\" title=\"D\u00e9couvez Mon Actu\" rel=\"nofollow noopener\" data-trk=\"{&quot;cta&quot;:{&quot;action&quot;:&quot;https:\\\/\\\/moncompte.actu.fr&quot;,&quot;category&quot;:&quot;mon compte&quot;,&quot;from&quot;:&quot;article footer&quot;,&quot;name&quot;:&quot;Mon actu&quot;,&quot;type&quot;:&quot;cta&quot;}}\" target=\"_blank\">Mon Actu<\/a>.<\/p>\n","protected":false},"excerpt":{"rendered":"Par Julien Van Caeyseele Publi\u00e9 le 26 nov. 2025 \u00e0 8h31 \u00ab\u2009J\u2019ai entendu des bruits de verre cass\u00e9,&hellip;\n","protected":false},"author":2,"featured_media":559556,"comment_status":"","ping_status":"","sticky":false,"template":"","format":"standard","meta":{"footnotes":""},"categories":[1586],"tags":[11,1777,674,1779,118,1011,27,1310,12,1072,1311,25,1778,364],"class_list":{"0":"post-559555","1":"post","2":"type-post","3":"status-publish","4":"format-standard","5":"has-post-thumbnail","7":"category-europe","8":"tag-actualites","9":"tag-eu","10":"tag-europe","11":"tag-european-union","12":"tag-faits-divers","13":"tag-fr","14":"tag-france","15":"tag-incendie","16":"tag-news","17":"tag-police","18":"tag-pompiers","19":"tag-republique-francaise","20":"tag-ue","21":"tag-union-europeenne"},"share_on_mastodon":{"url":"https:\/\/pubeurope.com\/@fr\/115615094828456032","error":""},"_links":{"self":[{"href":"https:\/\/www.europesays.com\/fr\/wp-json\/wp\/v2\/posts\/559555","targetHints":{"allow":["GET"]}}],"collection":[{"href":"https:\/\/www.europesays.com\/fr\/wp-json\/wp\/v2\/posts"}],"about":[{"href":"https:\/\/www.europesays.com\/fr\/wp-json\/wp\/v2\/types\/post"}],"author":[{"embeddable":true,"href":"https:\/\/www.europesays.com\/fr\/wp-json\/wp\/v2\/users\/2"}],"replies":[{"embeddable":true,"href":"https:\/\/www.europesays.com\/fr\/wp-json\/wp\/v2\/comments?post=559555"}],"version-history":[{"count":0,"href":"https:\/\/www.europesays.com\/fr\/wp-json\/wp\/v2\/posts\/559555\/revisions"}],"wp:featuredmedia":[{"embeddable":true,"href":"https:\/\/www.europesays.com\/fr\/wp-json\/wp\/v2\/media\/559556"}],"wp:attachment":[{"href":"https:\/\/www.europesays.com\/fr\/wp-json\/wp\/v2\/media?parent=559555"}],"wp:term":[{"taxonomy":"category","embeddable":true,"href":"https:\/\/www.europesays.com\/fr\/wp-json\/wp\/v2\/categories?post=559555"},{"taxonomy":"post_tag","embeddable":true,"href":"https:\/\/www.europesays.com\/fr\/wp-json\/wp\/v2\/tags?post=559555"}],"curies":[{"name":"wp","href":"https:\/\/api.w.org\/{rel}","templated":true}]}}