{"id":559572,"date":"2025-11-26T08:51:11","date_gmt":"2025-11-26T08:51:11","guid":{"rendered":"https:\/\/www.europesays.com\/fr\/559572\/"},"modified":"2025-11-26T08:51:11","modified_gmt":"2025-11-26T08:51:11","slug":"le-centre-national-des-arts-plastiques-fait-figure-de-cible-ideologique-considere-un-collectif-de-professionnels-du-monde-de-la-culture","status":"publish","type":"post","link":"https:\/\/www.europesays.com\/fr\/559572\/","title":{"rendered":"\u00ab\u00a0Le Centre national des arts plastiques\u00a0fait figure de cible id\u00e9ologique\u00a0\u00bb, consid\u00e8re un collectif de professionnels du monde de la culture"},"content":{"rendered":"\n<p class=\"article__paragraph  \">Il est l\u00e9gitime d\u2019entretenir une profonde inqui\u00e9tude face aux <a href=\"https:\/\/www.ccomptes.fr\/fr\/publications\/le-centre-national-des-arts-plastiques-cnap\" target=\"_blank\" rel=\"noopener\" title=\"Nouvelle fen\u00eatre\">conclusions du rapport <\/a>de la Cour des comptes qui viennent d\u2019\u00eatre rendues publiques. Celles-ci recommandent non seulement la suppression du Centre national des arts plastiques (CNAP) d\u2019ici \u00e0 2030, mais aussi la r\u00e9partition de ses missions actuelles au profit de la direction g\u00e9n\u00e9rale de la cr\u00e9ation artistique du minist\u00e8re de la culture pour le soutien aux artistes, ainsi que, pour la gestion des collections d\u2019\u0153uvres, au profit du Centre Pompidou, des mus\u00e9es d\u00e9positaires et des fonds r\u00e9gionaux d\u2019art contemporain (FRAC).<\/p>\n<p class=\"article__paragraph  \">Aujourd\u2019hui, le CNAP fait figure de cible id\u00e9ologique. La proc\u00e9dure exceptionnelle d\u2019un r\u00e9f\u00e9r\u00e9 adress\u00e9 directement \u00e0 Matignon de la part de la Cour des comptes r\u00e9v\u00e8le la gravit\u00e9 du moment. Au-del\u00e0 de l\u2019existence m\u00eame de cet \u00e9tablissement, c\u2019est une conception de la culture fond\u00e9e sur le service public, l\u2019\u00e9mancipation et la solidarit\u00e9 qui est vis\u00e9e.<\/p>\n<p>                                   Lire aussi |  Article r\u00e9serv\u00e9 \u00e0 nos abonn\u00e9s  <a href=\"https:\/\/www.lemonde.fr\/culture\/article\/2025\/11\/19\/la-cour-des-comptes-preconise-la-suppression-du-centre-national-des-arts-plastiques_6654066_3246.html\" class=\"js-article-read-also catcher--favoris__link\" data-premium=\"1\" id=\"article-title-3446305\" target=\"_blank\" rel=\"noopener\">La Cour des comptes pr\u00e9conise la suppression du Centre national des arts plastiques<\/a>    <\/p>\n<p>   Lire plus tard  <\/p>\n<p class=\"article__paragraph  \">Le CNAP n\u2019est pas un op\u00e9rateur administratif parmi d\u2019autres. Il \u0153uvre aux c\u00f4t\u00e9s des artistes, <a href=\"https:\/\/www.lemonde.fr\/mondephilatelique\/article\/2025\/11\/01\/graphisme-en-france-et-la-responsabilite-environnementale-du-design-graphique_6650852_5470897.html\" target=\"_blank\" rel=\"noopener\">designers <\/a>et photographes de la sc\u00e8ne fran\u00e7aise, tout au long de leur carri\u00e8re, en intervenant \u00e0 des moments-cl\u00e9s\u00a0: l\u2019aide \u00e0 la production d\u2019une \u0153uvre, la publication d\u2019un livre, dans la commande ou l\u2019acquisition d\u2019une \u0153uvre.<\/p>\n<p>           Diversit\u00e9 artistique           <\/p>\n<p class=\"article__paragraph  \">Le CNAP participe ainsi \u00e0 la structuration de leur parcours dans la dur\u00e9e. Il soutient la cr\u00e9ation vivante, en accompagnant des lieux, dont des galeries, des \u00e9diteurs.<\/p>\n<p class=\"article__paragraph  \">Enfin, en diffusant les \u0153uvres de sa collection sur l\u2019ensemble du territoire, il rend la diversit\u00e9 artistique pr\u00e9sente dans le quotidien de toutes et tous, comme une ressource et un droit. Dans le secteur fragile des arts visuels, il agit comme amortisseur, stabilisateur, boussole. Il permet l\u2019\u00e9mergence de pratiques singuli\u00e8res qui, sans lui, n\u2019auraient parfois jamais vu le jour.<\/p>\n<p>                              Lire aussi |  Article r\u00e9serv\u00e9 \u00e0 nos abonn\u00e9s  <a href=\"https:\/\/www.lemonde.fr\/culture\/article\/2025\/07\/29\/la-necessaire-reconfiguration-des-acteurs-de-la-scene-artistique-francaise_6625220_3246.html\" class=\"js-article-read-also catcher--favoris__link\" data-premium=\"1\" id=\"article-title-3432945\" target=\"_blank\" rel=\"noopener\">La n\u00e9cessaire reconfiguration des acteurs de la sc\u00e8ne artistique fran\u00e7aise<\/a>    <\/p>\n<p>   Lire plus tard  <\/p>\n<p class=\"article__paragraph  \">La sc\u00e8ne artistique fran\u00e7aise a besoin d\u2019un soutien clair et affirm\u00e9. C\u2019est la conclusion du <a href=\"https:\/\/www.culture.gouv.fr\/presse\/communiques-de-presse\/publication-du-rapport-sur-le-renforcement-de-la-scene-francaise-d-art-contemporain-a-la-suite-de-la-mission-confiee-a-martin-bethenod\" target=\"_blank\" rel=\"noopener\" title=\"Nouvelle fen\u00eatre\">rapport Bethenod<\/a>, command\u00e9 cette ann\u00e9e par la ministre de la culture, Rachida Dati. Non pas sur le mode restrictif ou identitaire que certains voudraient imposer, mais en reconnaissant ce que cette sc\u00e8ne est r\u00e9ellement\u00a0: compos\u00e9e d\u2019artistes qui vivent et travaillent en France, quelle que soit leur nationalit\u00e9, et d\u2019artistes fran\u00e7ais o\u00f9 qu\u2019ils r\u00e9sident dans le monde. C\u2019est dans cette d\u00e9finition ouverte, hospitali\u00e8re et exigeante que le CNAP joue un r\u00f4le irrempla\u00e7able, en constituant une collection de r\u00e9f\u00e9rence et en garantissant que la diversit\u00e9 de la cr\u00e9ation contemporaine trouve une reconnaissance durable.<\/p>\n<p class=\"reading-mode-only \"><strong>Il vous reste 48.15% de cet article \u00e0 lire. La suite est r\u00e9serv\u00e9e aux abonn\u00e9s.<\/strong><\/p>\n","protected":false},"excerpt":{"rendered":"Il est l\u00e9gitime d\u2019entretenir une profonde inqui\u00e9tude face aux conclusions du rapport de la Cour des comptes qui&hellip;\n","protected":false},"author":2,"featured_media":559573,"comment_status":"","ping_status":"","sticky":false,"template":"","format":"standard","meta":{"footnotes":""},"categories":[1358],"tags":[1348,1384,1385,1386,58,59,1011,27],"class_list":{"0":"post-559572","1":"post","2":"type-post","3":"status-publish","4":"format-standard","5":"has-post-thumbnail","7":"category-arts-et-design","8":"tag-arts","9":"tag-arts-and-design","10":"tag-arts-et-design","11":"tag-design","12":"tag-divertissement","13":"tag-entertainment","14":"tag-fr","15":"tag-france"},"share_on_mastodon":{"url":"https:\/\/pubeurope.com\/@fr\/115615149765153525","error":""},"_links":{"self":[{"href":"https:\/\/www.europesays.com\/fr\/wp-json\/wp\/v2\/posts\/559572","targetHints":{"allow":["GET"]}}],"collection":[{"href":"https:\/\/www.europesays.com\/fr\/wp-json\/wp\/v2\/posts"}],"about":[{"href":"https:\/\/www.europesays.com\/fr\/wp-json\/wp\/v2\/types\/post"}],"author":[{"embeddable":true,"href":"https:\/\/www.europesays.com\/fr\/wp-json\/wp\/v2\/users\/2"}],"replies":[{"embeddable":true,"href":"https:\/\/www.europesays.com\/fr\/wp-json\/wp\/v2\/comments?post=559572"}],"version-history":[{"count":0,"href":"https:\/\/www.europesays.com\/fr\/wp-json\/wp\/v2\/posts\/559572\/revisions"}],"wp:featuredmedia":[{"embeddable":true,"href":"https:\/\/www.europesays.com\/fr\/wp-json\/wp\/v2\/media\/559573"}],"wp:attachment":[{"href":"https:\/\/www.europesays.com\/fr\/wp-json\/wp\/v2\/media?parent=559572"}],"wp:term":[{"taxonomy":"category","embeddable":true,"href":"https:\/\/www.europesays.com\/fr\/wp-json\/wp\/v2\/categories?post=559572"},{"taxonomy":"post_tag","embeddable":true,"href":"https:\/\/www.europesays.com\/fr\/wp-json\/wp\/v2\/tags?post=559572"}],"curies":[{"name":"wp","href":"https:\/\/api.w.org\/{rel}","templated":true}]}}