{"id":559576,"date":"2025-11-26T08:54:14","date_gmt":"2025-11-26T08:54:14","guid":{"rendered":"https:\/\/www.europesays.com\/fr\/559576\/"},"modified":"2025-11-26T08:54:14","modified_gmt":"2025-11-26T08:54:14","slug":"louane-son-havre-de-paix-est-une-sublime-maison-cachee-a-marseille","status":"publish","type":"post","link":"https:\/\/www.europesays.com\/fr\/559576\/","title":{"rendered":"Louane : son havre de paix est une sublime maison cach\u00e9e \u00e0 Marseille"},"content":{"rendered":"<p>Ce <strong>26 novembre 2025<\/strong>, Louane f\u00eate ses <strong>29 ans<\/strong>. La jeune femme, d\u00e9couverte \u00e0 <strong>16 ans dans The Voice<\/strong> \u2014 o\u00f9 elle fut propuls\u00e9e sous les projecteurs \u2014 a depuis b\u00e2ti une carri\u00e8re aussi solide que fulgurante. <\/p>\n<p>En un peu plus de dix ans, elle a encha\u00een\u00e9 concerts, tourn\u00e9es, tournages et sorti <strong>quatre albums<\/strong> dans les bacs. Elle a cumul\u00e9 au passage r\u00e9compenses musicales et un C\u00e9sar du meilleur espoir f\u00e9minin pour La Famille B\u00e9lier. Elle \u00e9tait aussi la <strong>candidate de la France au dernier concours de l\u2019Eurovision<\/strong>. <\/p>\n<p>Et si elle <a href=\"https:\/\/www.public.fr\/cest-un-peu-humiliant-marine-star-academy-cash-apres-la-defaite-de-louane-a-leurovision\" target=\"_blank\" rel=\"noopener\">n\u2019a pas remport\u00e9 la comp\u00e9tition<\/a>, l\u2019artiste peut n\u00e9anmoins se targuer d\u2019avoir amass\u00e9 une <strong>v\u00e9ritable petite fortune<\/strong>, fruit d\u2019ann\u00e9es d\u2019enregistrements et de tourn\u00e9es au rythme effr\u00e9n\u00e9.<\/p>\n<p><strong>Le cocon parisien de Louane<\/strong><\/p>\n<p>Install\u00e9e depuis plusieurs ann\u00e9es dans le <strong>18\u1d49 arrondissement de Paris<\/strong>, au c\u0153ur de Montmartre, Louane a trouv\u00e9 l\u00e0 un \u00e9crin qui correspond parfaitement \u00e0 sa vie d\u2019artiste, de m\u00e8re et de passionn\u00e9e de mode. Elle s\u2019est souvenue, confiait-elle \u00e0 Grazia, que son p\u00e8re lui avait dit enfant que s\u2019il vivait un jour \u00e0 Paris, ce serait ici. \u00ab\u00a0Cela m\u2019a marqu\u00e9e, je me suis dit que je me sentirais probablement bien. Et j\u2019ai eu raison\u00a0\u00bb dit-elle.<\/p>\n<p>Son appartement parisien, d\u00e9voil\u00e9 dans la s\u00e9rie Une fille, un style pour Vogue France, est un <strong>v\u00e9ritable cocon<\/strong>. Chaleureux, maximaliste et pens\u00e9 pour \u00ab\u00a0\u00e9lever une petite fille et faire de la musique \u00e0 tout moment\u00a0\u00bb. <a href=\"https:\/\/vsd.fr\/80918-louane-annonce-son-mariage\/\" target=\"_blank\" rel=\"noopener\">Louane y vit avec son compagnon<\/a> <strong>Florian Rossi<\/strong> et leur fille <strong>Esm\u00e9e<\/strong>. L\u2019espace m\u00eale velours, bois, lignes arrondies et souvenirs accumul\u00e9s : \u00ab\u00a0Je suis tr\u00e8s attach\u00e9e aux souvenirs. Je garde tout\u00a0\u00bb.<\/p>\n<p>Un endroit \u00e0 eux<\/p>\n<p>On y trouve un <strong>Togo<\/strong> tr\u00f4nant dans le salon, une cuisine \u00e9l\u00e9gante noir et beige agr\u00e9ment\u00e9e d\u2019appareils Smeg vintage, et une mezzanine am\u00e9nag\u00e9e en bureau. Pour r\u00e9inventer une partie de son int\u00e9rieur, la chanteuse a r\u00e9cemment fait appel \u00e0 l\u2019architecte d\u2019int\u00e9rieur <strong>Eug\u00e9nie Rapin<\/strong>. Elle a imagin\u00e9 une <strong>t\u00eate de lit unique<\/strong> en bois dans la chambre d\u2019amis-dressing, peignant les placards en vieux rose. Un second souffle pour Louane, qui raconte : \u00ab\u00a0Cet appartement, c\u2019est notre appartement de famille. [\u2026] Aujourd\u2019hui, c\u2019est l\u2019endroit o\u00f9 je me sens le mieux. Il repr\u00e9sente l\u2019amour et l\u2019avenir\u00a0\u00bb.<\/p>\n<p>Son style, qu\u2019elle dit \u00ab\u00a0tr\u00e8s neutre\u00a0\u00bb au quotidien mais \u00ab\u00a0full paillettes sur sc\u00e8ne\u00a0\u00bb, se refl\u00e8te partout. Tout comme sa relation intime \u00e0 la musique. \u00ab\u00a0Elle m\u2019a \u00e9t\u00e9 d\u2019une aide et d\u2019un r\u00e9confort \u00e0 chaque moment difficile de ma vie\u00a0\u00bb dit-elle. Sa passion pour la mode, elle, l\u2019a aid\u00e9e \u00e0 \u00ab\u00a0prendre confiance\u00a0\u00bb. La jeune maman confie aussi que son style s\u2019est transform\u00e9. Maintenant, \u00ab\u00a0Les couleurs sont sages, mais je m\u2019autorise des silhouettes plus sexy. Devenir m\u00e8re a boost\u00e9 ma confiance en moi\u00a0\u00bb, dit-elle.<\/p>\n<p>Son appartement parisien n\u2019est donc pas qu\u2019un lieu de vie : c\u2019est un <strong>\u00e9crin \u00e9motionnel<\/strong>, fa\u00e7onn\u00e9 pour refl\u00e9ter ses go\u00fbts, ses souvenirs, et sa vie de femme artiste.<\/p>\n<p><strong>Son havre de paix \u00e0 Marseille<\/strong><\/p>\n<p>Mais lorsque Louane a besoin de souffler, de s\u2019\u00e9vader du bruit parisien ou du rythme des tourn\u00e9es, elle ne reste pas \u00e0 Montmartre. Elle saute dans un train direction <strong>Marseille<\/strong>, o\u00f9 elle a acquis une maison qui est devenue son <strong>havre de paix<\/strong>.<\/p>\n<p>Situ\u00e9e <strong>\u00e0 l\u2019\u00e9cart du centre-ville<\/strong>, sa demeure marseillaise est le contraire des villas tape-\u00e0-l\u2019\u0153il. Louane d\u00e9crit une <strong>maison \u201ctr\u00e8s moderne, entour\u00e9e d\u2019une abondante v\u00e9g\u00e9tation qui l\u2019isole de la ville\u201d<\/strong>. Elle lui donne l\u2019impression de s\u00e9journer \u00ab\u00a0dans un petit village\u00a0\u00bb. Une atmosph\u00e8re prot\u00e9g\u00e9e, apaisante, loin des regards, o\u00f9 elle s\u2019\u00e9chappe avec Florian et leur fille chaque fois que le calendrier le permet.<\/p>\n<p>Elle aime que ses week-ends deviennent <strong>\u00ab\u00a0des jours hors du temps\u00a0\u00bb<\/strong>, et avoue qu\u2019il lui arrive de filer \u00e0 Marseille \u00ab\u00a0pour un week-end, voire une journ\u00e9e\u00a0\u00bb. La proximit\u00e9 de la mer et la pr\u00e9sence de nombreux amis, ainsi que de l\u2019\u00e9quipe de son management, y contribuent largement. Cette nature luxuriante qui entoure la maison est devenue un refuge. Un endroit o\u00f9 l\u2019on respire, o\u00f9 l\u2019artiste cesse d\u2019\u00eatre un visage public pour redevenir simplement une femme et une m\u00e8re qui se ressource.<\/p>\n<p>Si la r\u00e9gion a \u00e9t\u00e9 menac\u00e9e par des incendies en juillet 2025, Louane n\u2019a pas renonc\u00e9 \u00e0 son attachement \u00e0 la cit\u00e9 phoc\u00e9enne. L&rsquo;artiste populaire semble avoir trouv\u00e9 un \u00e9quilibre pr\u00e9cieux, entre la sc\u00e8ne, les voyages\u2026 et deux adresses qui racontent mieux que tout qui elle est d\u00e9sormais.<\/p>\n<p>\n          Hits &amp; People en continu\n        <\/p>\n<p>\n          Public Radio\n        <\/p>\n<p>      Mentionn\u00e9s dans cet article<\/p>\n<p>      Sur le m\u00eame sujet<\/p>\n","protected":false},"excerpt":{"rendered":"Ce 26 novembre 2025, Louane f\u00eate ses 29 ans. La jeune femme, d\u00e9couverte \u00e0 16 ans dans The&hellip;\n","protected":false},"author":2,"featured_media":559577,"comment_status":"","ping_status":"","sticky":false,"template":"","format":"standard","meta":{"footnotes":""},"categories":[1355],"tags":[9071,58,59,652,1011,27,4501,2142,1361,873],"class_list":{"0":"post-559576","1":"post","2":"type-post","3":"status-publish","4":"format-standard","5":"has-post-thumbnail","7":"category-musique","8":"tag-appartement","9":"tag-divertissement","10":"tag-entertainment","11":"tag-famille","12":"tag-fr","13":"tag-france","14":"tag-louane","15":"tag-maison","16":"tag-music","17":"tag-musique"},"share_on_mastodon":{"url":"https:\/\/pubeurope.com\/@fr\/115615161759010970","error":""},"_links":{"self":[{"href":"https:\/\/www.europesays.com\/fr\/wp-json\/wp\/v2\/posts\/559576","targetHints":{"allow":["GET"]}}],"collection":[{"href":"https:\/\/www.europesays.com\/fr\/wp-json\/wp\/v2\/posts"}],"about":[{"href":"https:\/\/www.europesays.com\/fr\/wp-json\/wp\/v2\/types\/post"}],"author":[{"embeddable":true,"href":"https:\/\/www.europesays.com\/fr\/wp-json\/wp\/v2\/users\/2"}],"replies":[{"embeddable":true,"href":"https:\/\/www.europesays.com\/fr\/wp-json\/wp\/v2\/comments?post=559576"}],"version-history":[{"count":0,"href":"https:\/\/www.europesays.com\/fr\/wp-json\/wp\/v2\/posts\/559576\/revisions"}],"wp:featuredmedia":[{"embeddable":true,"href":"https:\/\/www.europesays.com\/fr\/wp-json\/wp\/v2\/media\/559577"}],"wp:attachment":[{"href":"https:\/\/www.europesays.com\/fr\/wp-json\/wp\/v2\/media?parent=559576"}],"wp:term":[{"taxonomy":"category","embeddable":true,"href":"https:\/\/www.europesays.com\/fr\/wp-json\/wp\/v2\/categories?post=559576"},{"taxonomy":"post_tag","embeddable":true,"href":"https:\/\/www.europesays.com\/fr\/wp-json\/wp\/v2\/tags?post=559576"}],"curies":[{"name":"wp","href":"https:\/\/api.w.org\/{rel}","templated":true}]}}