{"id":559586,"date":"2025-11-26T08:59:13","date_gmt":"2025-11-26T08:59:13","guid":{"rendered":"https:\/\/www.europesays.com\/fr\/559586\/"},"modified":"2025-11-26T08:59:13","modified_gmt":"2025-11-26T08:59:13","slug":"la-regle-qui-aide-a-debarrasser-les-objets-inutiles","status":"publish","type":"post","link":"https:\/\/www.europesays.com\/fr\/559586\/","title":{"rendered":"la r\u00e8gle qui aide \u00e0 d\u00e9barrasser les objets inutiles"},"content":{"rendered":"<p>La m\u00e9thode 20\/20 s\u2019attaque \u00e0 un ph\u00e9nom\u00e8ne universel :<br \/>\nl\u2019accumulation d\u2019objets conserv\u00e9s \u00ab au cas o\u00f9 \u00bb. Ces petites choses<br \/>\nauxquelles on r\u00e9serve un tiroir, une bo\u00eete ou une \u00e9tag\u00e8re, persuad\u00e9<br \/>\nqu\u2019elles pourraient un jour s\u2019av\u00e9rer utiles. Lorsqu\u2019elle est<br \/>\nappliqu\u00e9e \u00e0 des bo\u00eetes de rangement, cette r\u00e8gle a n\u00e9anmoins de<br \/>\nquoi transformer un espace satur\u00e9 en un ensemble plus coh\u00e9rent,<br \/>\ntant le simple fait d\u2019ouvrir ces casiers peut enfin redevenir<br \/>\nagr\u00e9able.<\/p>\n<p>Ces objets anodins qui saturent nos espaces de vie<\/p>\n<p>Ce qui rend cette approche si pertinente, c\u2019est sa mani\u00e8re de<br \/>\nd\u00e9voiler <a href=\"https:\/\/www.lejournaldelamaison.fr\/le-journal-de-la-maison\/piece-par-piece\/chambre\/vous-laissez-vetements-saccumuler-chaise-revele-vraiment-personnalite-514622.html\" target=\"_blank\" rel=\"noopener\"><br \/>\nce qui se cache derri\u00e8re le d\u00e9sordre<\/a>. Chacun garde un objet<br \/>\npour une raison diff\u00e9rente : une attache sentimentale, un souvenir,<br \/>\nun projet imagin\u00e9 ou bien un geste anticip\u00e9. Mais, dans la r\u00e9alit\u00e9,<br \/>\nces objets finissent souvent par <strong>dormir dans des<br \/>\nplacards<\/strong> que l\u2019on entrouvre sans enthousiasme, conscients<br \/>\nde ce qui s\u2019y amasse. Des chargeurs obsol\u00e8tes, du mat\u00e9riel cr\u00e9atif<br \/>\nabandonn\u00e9 apr\u00e8s une tentative timide, ou encore cette <strong>arm\u00e9e<br \/>\nde sacs fourre-tout<\/strong>\u00a0forment une collection aussi<br \/>\nanodine que persistante, occupant de la place et encombrant<br \/>\nl\u2019esprit.<\/p>\n<p>La m\u00e9thode 20\/20, partag\u00e9e par le site The Minimalists,<br \/>\npropose une question simple qui <strong>agit comme un<br \/>\nr\u00e9v\u00e9lateur<\/strong> : \u00ab Est-ce que je peux remplacer cet objet<br \/>\nen moins de 20 minutes et pour moins de 20 euros ?\u00a0\u00bb. Si<br \/>\nla r\u00e9ponse est positive, l\u2019objet perd instantan\u00e9ment son statut de<br \/>\npossession pr\u00e9cieuse. Cette r\u00e8gle n\u2019invite ni au d\u00e9pouillement<br \/>\nextr\u00eame ni au <strong>virage minimaliste forc\u00e9<\/strong>. Elle<br \/>\nrappelle simplement que, la plupart du temps, \u00ab au cas o\u00f9 \u00bb<br \/>\nsignifie \u00ab jamais \u00bb, et que <a href=\"https:\/\/www.lejournaldelamaison.fr\/le-journal-de-la-maison\/nouveautes\/tendances\/tendances-deco\/vases-livres-vaisselle-objets-retro-croyait-oublies-vont-cartonner-chiner-avant-trop-tard-528339.html\" target=\"_blank\" rel=\"noopener\"><br \/>\nconserver ces objets<\/a> <strong>rel\u00e8ve plus de l\u2019habitude<\/strong><br \/>\nque du besoin.<\/p>\n<p>Des objets tri\u00e9s sans h\u00e9sitation dans la maison<\/p>\n<p>Dans l\u2019exp\u00e9rience men\u00e9e avec des <a href=\"https:\/\/www.lejournaldelamaison.fr\/le-journal-de-la-maison\/decoration-par-style\/industriel-et-vintage\/vieilles-boites-metal-trainent-dans-greniers-partent-plus-brocante-mais-seule-marque-vaut-vraiment-coup-524351.html\" target=\"_blank\" rel=\"noopener\"><br \/>\nbo\u00eetes gliss\u00e9es sous le lit<\/a>, la m\u00e9thode s\u2019est appliqu\u00e9e sans<br \/>\ngrand d\u00e9ballage. Plut\u00f4t qu\u2019un grand renversement, chaque objet a<br \/>\n\u00e9t\u00e9 <strong>examin\u00e9 individuellement<\/strong>, ce rythme lent<br \/>\ninvitant \u00e0 reconsid\u00e9rer l\u2019utilit\u00e9 r\u00e9elle de chaque \u00e9l\u00e9ment et la<br \/>\nfacilit\u00e9 de son remplacement. Rapidement, les classiques de<br \/>\nl\u2019accumulation sont apparus : une pelote de laine li\u00e9e \u00e0 une<br \/>\ntentative rat\u00e9e de crochet, un prot\u00e8ge-dents et des genouill\u00e8res<br \/>\ncouverts de poussi\u00e8re, souvenirs d\u2019un tournoi de hockey sur glace,<br \/>\nou encore un <strong>chargeur de brosse \u00e0 dents<br \/>\nincompatible<\/strong> avec l\u2019appareil actuel. Tous ont coch\u00e9 sans<br \/>\neffort les crit\u00e8res de la r\u00e8gle.<\/p>\n<p>\u00c0 mesure que chaque objet <strong>trouve sa place ou quitte les<br \/>\nbo\u00eetes<\/strong>, l\u2019ensemble devient imm\u00e9diatement plus lisible. Le<br \/>\nprincipal atout de cette m\u00e9thode repose sur cette simplification<br \/>\nmentale qui retire la <a href=\"https:\/\/www.lejournaldelamaison.fr\/maison-verte-2\/ce-hack-de-recup-transforme-vos-placards-astuces-diy-et-tri-malin-pour-un-espace-optimise-sans-depenser-un-centime-527300.html\" target=\"_blank\" rel=\"noopener\"><br \/>\ncharge \u00e9motionnelle du tri<\/a>. Les d\u00e9cisions se prennent selon une<br \/>\nr\u00e8gle ext\u00e9rieure, claire et suffisamment neutre pour \u00e9carter toute<br \/>\nculpabilit\u00e9. R\u00e9sultat : un <strong>espace vraiment plus<br \/>\nnet<\/strong> et surtout un esprit lib\u00e9r\u00e9 de ces micro dilemmes li\u00e9s<br \/>\naux objets \u00ab en suspens \u00bb.<\/p>\n<blockquote class=\"instagram-media\" style=\"background: #ffffff;border: 0;margin: 1px;width: 100%;padding: 0;max-width: 500px;\" data-instgrm-permalink=\"https:\/\/www.instagram.com\/p\/DPRdHiuioeB\/\" data-instgrm-version=\"14\"\/><p>\nPlusieurs objets qui \u00e9chappent \u00e0 la<br \/>\nr\u00e8gle<\/p>\n<p>Cette r\u00e8gle n\u2019a cependant rien d\u2019universel. Certains objets ne<br \/>\npeuvent \u00eatre remplac\u00e9s ni en vingt minutes ni pour vingt euros :<br \/>\nd\u00e9corations saisonni\u00e8res, produits d\u2019entretien suppl\u00e9mentaires ou<br \/>\nmat\u00e9riel que l\u2019on n\u2019utilise qu\u2019occasionnellement. Les<br \/>\n<strong>\u00e9liminer serait contre-productif<\/strong> ou co\u00fbteux. La<br \/>\nm\u00e9thode 20\/20 fonctionne donc comme un outil s\u00e9lectif, un filtre<br \/>\nutile pour <a href=\"https:\/\/www.lejournaldelamaison.fr\/le-journal-de-la-maison\/conseils-pratiques-le-journal-de-la-maison\/rangement\/astuce-japonaise-ranger-tasses-sans-les-empiler-500785.html\" target=\"_blank\" rel=\"noopener\"><br \/>\n\u00e9liminer uniquement le d\u00e9sordre<\/a>, celui qui <strong>s\u2019accumule<br \/>\nfaute d\u2019attention<\/strong>.<\/p>\n<p>Ce principe rappelle ainsi que le d\u00e9sencombrement n\u2019a pas besoin<br \/>\nd\u2019<strong>opposer \u00e9motions et rationalit\u00e9<\/strong>. Il propose un<br \/>\ncadre simple o\u00f9 l\u2019on cesse d\u2019imaginer des sc\u00e9narios hypoth\u00e9tiques<br \/>\npour regarder ce qui a r\u00e9ellement sa place. Une fois les bo\u00eetes<br \/>\nr\u00e9organis\u00e9es, leur contenu devient clair, lisible et constitu\u00e9<br \/>\nuniquement d\u2019<strong>objets utilis\u00e9s ou appr\u00e9ci\u00e9s<\/strong>. Moins<br \/>\nde \u00ab peut-\u00eatre un jour \u00bb, moins de projets inachev\u00e9s qui<br \/>\ns\u2019empilent, et une m\u00e9thode qui, sans \u00eatre absolue, offre un<br \/>\nexcellent point de d\u00e9part \u00e0 <a href=\"https:\/\/www.lejournaldelamaison.fr\/le-journal-de-la-maison\/conseils-pratiques-le-journal-de-la-maison\/choses-toujours-garder-dans-tiroir-fourre-tout-pourquoi-plus-utiles-parait-524538.html\" target=\"_blank\" rel=\"noopener\"><br \/>\nquiconque souhaite all\u00e9ger un tiroir<\/a>, une \u00e9tag\u00e8re ou une pi\u00e8ce<br \/>\nenti\u00e8re.<\/p>\n<p><script async src=\"\/\/www.instagram.com\/embed.js\"><\/script><\/p>\n","protected":false},"excerpt":{"rendered":"La m\u00e9thode 20\/20 s\u2019attaque \u00e0 un ph\u00e9nom\u00e8ne universel : l\u2019accumulation d\u2019objets conserv\u00e9s \u00ab au cas o\u00f9 \u00bb. Ces&hellip;\n","protected":false},"author":2,"featured_media":559587,"comment_status":"","ping_status":"","sticky":false,"template":"","format":"standard","meta":{"footnotes":""},"categories":[7],"tags":[1011,27,43,40,41,39,42,44],"class_list":{"0":"post-559586","1":"post","2":"type-post","3":"status-publish","4":"format-standard","5":"has-post-thumbnail","7":"category-sciences-et-technologies","8":"tag-fr","9":"tag-france","10":"tag-science","11":"tag-science-and-technology","12":"tag-sciences","13":"tag-sciences-et-technologies","14":"tag-technologies","15":"tag-technology"},"share_on_mastodon":{"url":"https:\/\/pubeurope.com\/@fr\/115615181395747570","error":""},"_links":{"self":[{"href":"https:\/\/www.europesays.com\/fr\/wp-json\/wp\/v2\/posts\/559586","targetHints":{"allow":["GET"]}}],"collection":[{"href":"https:\/\/www.europesays.com\/fr\/wp-json\/wp\/v2\/posts"}],"about":[{"href":"https:\/\/www.europesays.com\/fr\/wp-json\/wp\/v2\/types\/post"}],"author":[{"embeddable":true,"href":"https:\/\/www.europesays.com\/fr\/wp-json\/wp\/v2\/users\/2"}],"replies":[{"embeddable":true,"href":"https:\/\/www.europesays.com\/fr\/wp-json\/wp\/v2\/comments?post=559586"}],"version-history":[{"count":0,"href":"https:\/\/www.europesays.com\/fr\/wp-json\/wp\/v2\/posts\/559586\/revisions"}],"wp:featuredmedia":[{"embeddable":true,"href":"https:\/\/www.europesays.com\/fr\/wp-json\/wp\/v2\/media\/559587"}],"wp:attachment":[{"href":"https:\/\/www.europesays.com\/fr\/wp-json\/wp\/v2\/media?parent=559586"}],"wp:term":[{"taxonomy":"category","embeddable":true,"href":"https:\/\/www.europesays.com\/fr\/wp-json\/wp\/v2\/categories?post=559586"},{"taxonomy":"post_tag","embeddable":true,"href":"https:\/\/www.europesays.com\/fr\/wp-json\/wp\/v2\/tags?post=559586"}],"curies":[{"name":"wp","href":"https:\/\/api.w.org\/{rel}","templated":true}]}}