{"id":55959,"date":"2025-04-27T04:10:19","date_gmt":"2025-04-27T04:10:19","guid":{"rendered":"https:\/\/www.europesays.com\/fr\/55959\/"},"modified":"2025-04-27T04:10:19","modified_gmt":"2025-04-27T04:10:19","slug":"eirik-horneland-strasbourg-a-ete-une-meilleure-equipe-ce-soir-alsasports","status":"publish","type":"post","link":"https:\/\/www.europesays.com\/fr\/55959\/","title":{"rendered":"Eirik Horneland : \u00ab\u00a0Strasbourg a \u00e9t\u00e9 une meilleure \u00e9quipe ce soir\u00a0\u00bb \u2014 Alsa&rsquo;Sports"},"content":{"rendered":"<p><strong>L\u2019entraineur de l\u2019ASSE Eirik Horneland est revenu sur la d\u00e9faite de son \u00e9quipe \u00e0 la Meinau (3-1), et a conc\u00e9d\u00e9 que son adversaire avait \u00e9t\u00e9 bien meilleur. <\/strong><\/p>\n<p>Saint-\u00c9tienne aura chahut\u00e9 Strasbourg, aura \u00e9galis\u00e9 et aura fait douter le Racing pendant plus d\u2019une heure de jeu. Mais les Verts sont tomb\u00e9s face \u00e0 plus fort, \u00e0 en croire les mots de leur entra\u00eeneur norv\u00e9gien Eirik Horneland : \u00ab\u00a0Strasbourg a \u00e9t\u00e9 une meilleure \u00e9quipe ce soir. Il a r\u00e9ussi \u00e0 contr\u00f4ler le match et m\u00e9rite sa victoire. Nous, on a manqu\u00e9 de pr\u00e9sence mentale, d\u2019\u00e9nergie, on a \u00e9t\u00e9 lents dans tous les secteurs avec et sans ballon. Mes joueurs ont \u00e9t\u00e9 en-dessous du niveau attendu, les lignes \u00e9taient trop \u00e9loign\u00e9es, on a eu du mal \u00e0 trouver des connexions entre les joueurs et notre jeu de passe a perdu en efficacit\u00e9. Le derby gagn\u00e9 contre Lyon aurait d\u00fb nous donner plus de confiance pour le match contre Strasbourg, mais quand on manque de vitesse, c\u2019est plus compliqu\u00e9.\u00a0\u00bb<\/p>\n","protected":false},"excerpt":{"rendered":"L\u2019entraineur de l\u2019ASSE Eirik Horneland est revenu sur la d\u00e9faite de son \u00e9quipe \u00e0 la Meinau (3-1), et&hellip;\n","protected":false},"author":2,"featured_media":55960,"comment_status":"","ping_status":"","sticky":false,"template":"","format":"standard","meta":{"footnotes":""},"categories":[2820],"tags":[1111,11,1777,674,63,1011,27,775,66,12,4448,25,640],"class_list":{"0":"post-55959","1":"post","2":"type-post","3":"status-publish","4":"format-standard","5":"has-post-thumbnail","7":"category-strasbourg","8":"tag-actu","9":"tag-actualites","10":"tag-eu","11":"tag-europe","12":"tag-football","13":"tag-fr","14":"tag-france","15":"tag-grand-est","16":"tag-ligue-1","17":"tag-news","18":"tag-rc-strasbourg","19":"tag-republique-francaise","20":"tag-strasbourg"},"share_on_mastodon":{"url":"https:\/\/pubeurope.com\/@fr\/114407972828727573","error":""},"_links":{"self":[{"href":"https:\/\/www.europesays.com\/fr\/wp-json\/wp\/v2\/posts\/55959","targetHints":{"allow":["GET"]}}],"collection":[{"href":"https:\/\/www.europesays.com\/fr\/wp-json\/wp\/v2\/posts"}],"about":[{"href":"https:\/\/www.europesays.com\/fr\/wp-json\/wp\/v2\/types\/post"}],"author":[{"embeddable":true,"href":"https:\/\/www.europesays.com\/fr\/wp-json\/wp\/v2\/users\/2"}],"replies":[{"embeddable":true,"href":"https:\/\/www.europesays.com\/fr\/wp-json\/wp\/v2\/comments?post=55959"}],"version-history":[{"count":0,"href":"https:\/\/www.europesays.com\/fr\/wp-json\/wp\/v2\/posts\/55959\/revisions"}],"wp:featuredmedia":[{"embeddable":true,"href":"https:\/\/www.europesays.com\/fr\/wp-json\/wp\/v2\/media\/55960"}],"wp:attachment":[{"href":"https:\/\/www.europesays.com\/fr\/wp-json\/wp\/v2\/media?parent=55959"}],"wp:term":[{"taxonomy":"category","embeddable":true,"href":"https:\/\/www.europesays.com\/fr\/wp-json\/wp\/v2\/categories?post=55959"},{"taxonomy":"post_tag","embeddable":true,"href":"https:\/\/www.europesays.com\/fr\/wp-json\/wp\/v2\/tags?post=55959"}],"curies":[{"name":"wp","href":"https:\/\/api.w.org\/{rel}","templated":true}]}}