{"id":559590,"date":"2025-11-26T09:01:12","date_gmt":"2025-11-26T09:01:12","guid":{"rendered":"https:\/\/www.europesays.com\/fr\/559590\/"},"modified":"2025-11-26T09:01:12","modified_gmt":"2025-11-26T09:01:12","slug":"aux-etats-unis-la-demission-dune-elue-expose-les-lignes-de-fracture-du-parti-republicain-actualites","status":"publish","type":"post","link":"https:\/\/www.europesays.com\/fr\/559590\/","title":{"rendered":"Aux Etats-Unis, la d\u00e9mission d&rsquo;une \u00e9lue expose les lignes de fracture du Parti r\u00e9publicain : Actualit\u00e9s"},"content":{"rendered":"<p class=\"lead \">Lorsque Marjorie Taylor Greene a annonc\u00e9 vendredi sa d\u00e9mission prochaine du Congr\u00e8s am\u00e9ricain, cette trumpiste de la premi\u00e8re heure n&rsquo;a pas m\u00e2ch\u00e9 ses mots contre les dysfonctionnements de Washington. Elle a aussi expos\u00e9 la lassitude d&rsquo;\u00e9lus r\u00e9publicains cantonn\u00e9s au r\u00f4le de second couteau devant l&rsquo;hyperpr\u00e9sident Trump.<\/p>\n<p class=\"lead \">La d\u00e9put\u00e9e ultraconservatrice de 51 ans a provoqu\u00e9 la stup\u00e9faction avec cette annonce qui s&rsquo;est accompagn\u00e9e d&rsquo;une attaque au vitriol contre le d\u00e9but de second mandat du milliardaire et contre les dirigeants r\u00e9publicains, accus\u00e9s de trahir leur base. Donald Trump a en retour publiquement reni\u00e9 la d\u00e9put\u00e9e de G\u00e9orgie, mise au ban d&rsquo;un parti qu&rsquo;il m\u00e8ne toujours d&rsquo;une main de fer.<\/p>\n<p class=\"lead \">Le d\u00e9part de Marjorie Taylor Greene a aussi aliment\u00e9 les sp\u00e9culations sur de possibles d\u00e9missions suppl\u00e9mentaires d&rsquo;\u00e9lus r\u00e9publicains. Une perspective dangereuse pour le parti, \u00e0 la majorit\u00e9 extr\u00eamement fine au Congr\u00e8s.<\/p>\n<p class=\"lead \">\u00ab\u00a0La lune de miel est finie\u00a0\u00bb, assure Andrew Koneschusky, un ancien conseiller parlementaire du chef d\u00e9mocrate Chuck Schumer, pour qui certains r\u00e9publicains sont d\u00e9sillusionn\u00e9s par ces dix premiers mois de mandat Trump.<\/p>\n<p class=\"lead \">\u00ab\u00a0Le m\u00e9contentement est \u00e0 multiples facettes\u00a0\u00bb, pr\u00e9cise-t-il \u00e0 l&rsquo;AFP, citant notamment \u00ab\u00a0la crise croissante du co\u00fbt de la vie\u00a0\u00bb, mais aussi \u00ab\u00a0la concentration du pouvoir dans l&rsquo;ex\u00e9cutif\u00a0\u00bb, et \u00ab\u00a0la diminution des pouvoirs du Congr\u00e8s\u00a0\u00bb.<\/p>\n<p class=\"lead \">&#8211; \u00ab\u00a0Bombe \u00e0 retardement\u00a0\u00bb &#8211;<\/p>\n<p class=\"lead \">Dans son communiqu\u00e9 de quatre pages, Marjorie Taylor Greene d\u00e9nonce un \u00ab\u00a0complexe politico-industriel\u00a0\u00bb, plus enclin \u00e0 servir les \u00e9lites que les Am\u00e9ricains ordinaires.<\/p>\n<p class=\"lead \">Elle d\u00e9nonce aussi le chef r\u00e9publicain de la Chambre des repr\u00e9sentants, Mike Johnson, plus occup\u00e9 selon elle \u00e0 soumettre au vote des projets de loi d\u00e9nu\u00e9s de sens et \u00e0 tester la loyaut\u00e9 des \u00e9lus, qu&rsquo;\u00e0 tenter r\u00e9ellement de mettre en application les promesses de campagne de Donald Trump.<\/p>\n<p class=\"lead \">Si Marjorie Taylor Greene a toujours \u00e9t\u00e9 une figure iconoclaste au sein du parti, notamment en raison de ses d\u00e9clarations parfois conspirationnistes, sa col\u00e8re fait cette fois-ci \u00e9cho aux propres doutes de ses coll\u00e8gues.<\/p>\n<p class=\"lead \">La d\u00e9put\u00e9e r\u00e9publicaine Victoria Spartz a d\u00e9clar\u00e9 comprendre la d\u00e9cision de Marjorie Taylor Greene de s&rsquo;enfuir d&rsquo;une \u00ab\u00a0institution qui a trahi le peuple am\u00e9ricain\u00a0\u00bb.<\/p>\n<p class=\"lead \">D\u00e9j\u00e0 41 \u00e9lus \u00e0 la Chambre sur 435 pr\u00e9voient de ne pas se repr\u00e9senter en novembre 2026, un chiffre inhabituellement \u00e9lev\u00e9 \u00e0 un an de l&rsquo;\u00e9ch\u00e9ance. Et selon le m\u00e9dia Punchbowl News, sp\u00e9cialiste des affaires du Congr\u00e8s, ce nombre pourrait gonfler au vu des dol\u00e9ances exprim\u00e9es en coulisses par les d\u00e9put\u00e9s r\u00e9publicains.<\/p>\n<p class=\"lead \">\u00ab\u00a0Le moral n&rsquo;a jamais \u00e9t\u00e9 aussi bas\u00a0\u00bb, a d\u00e9clar\u00e9 l&rsquo;un d&rsquo;entre eux de mani\u00e8re anonyme \u00e0 Punchbowl News, \u00e9voquant une \u00ab\u00a0bombe \u00e0 retardement\u00a0\u00bb concernant ces nouvelles d\u00e9missions anticip\u00e9es \u00e0 attendre.<\/p>\n<p class=\"lead \">&#8211; \u00ab\u00a0Deux options\u00a0\u00bb &#8211;<\/p>\n<p class=\"lead \">Dot\u00e9 seulement d&rsquo;une poign\u00e9e de si\u00e8ges d&rsquo;avance \u00e0 la Chambre, le parti pr\u00e9sidentiel ne peut pas se permettre de perdre beaucoup d&rsquo;\u00e9lus.<\/p>\n<p class=\"lead \">Parmi les motivations derri\u00e8re leur d\u00e9cision de quitter le Congr\u00e8s, Marjorie Taylor Greene comme l&rsquo;\u00e9lu d\u00e9mocrate Jared Golden ont \u00e9galement cit\u00e9 le climat actuel de violence politique, qui ne fait que cro\u00eetre depuis plusieurs ann\u00e9es, et a \u00e9t\u00e9 illustr\u00e9 en septembre par l&rsquo;assassinat de l&rsquo;influenceur conservateur Charlie Kirk.<\/p>\n<p class=\"lead \">Selon une \u00e9tude du cercle de r\u00e9flexion ind\u00e9pendant Bipartisan Policy Center, le r\u00f4le du Congr\u00e8s comme garde-fou du pouvoir ex\u00e9cutif s&rsquo;est \u00e9rod\u00e9 depuis plusieurs ann\u00e9es. C&rsquo;est d&rsquo;autant plus vrai depuis le retour au pouvoir de Donald Trump, qui gouverne davantage \u00e0 coup de d\u00e9crets que de projets de loi adopt\u00e9s par les deux chambres.<\/p>\n<p class=\"lead \">Pas facile donc d&rsquo;\u00eatre parlementaire actuellement, consid\u00e8re Andrew Koneschusky.<\/p>\n<p class=\"lead \">\u00ab\u00a0Si vous \u00eates r\u00e9publicain, vous ne pouvez pas exercer un jugement politique ind\u00e9pendant sans risquer des repr\u00e9sailles\u00a0\u00bb de la Maison Blanche, explique ce consultant politique.<\/p>\n<p class=\"lead \">\u00ab\u00a0De nombreux r\u00e9publicains semblent estimer n&rsquo;avoir que deux options: accepter cela, ou se retirer de la sc\u00e8ne\u00a0\u00bb, ajoute-t-il.<\/p>\n<p class=\"small font-weight-bold text-gray3 \"> publi\u00e9 le 26 novembre \u00e0 08h55, AFP<\/p>\n<p>                             Partager<\/p>\n","protected":false},"excerpt":{"rendered":"Lorsque Marjorie Taylor Greene a annonc\u00e9 vendredi sa d\u00e9mission prochaine du Congr\u00e8s am\u00e9ricain, cette trumpiste de la premi\u00e8re&hellip;\n","protected":false},"author":2,"featured_media":559591,"comment_status":"","ping_status":"","sticky":false,"template":"","format":"standard","meta":{"footnotes":""},"categories":[5],"tags":[11,1011,27,14,12,1050,316,308,28],"class_list":{"0":"post-559590","1":"post","2":"type-post","3":"status-publish","4":"format-standard","5":"has-post-thumbnail","7":"category-international","8":"tag-actualites","9":"tag-fr","10":"tag-france","11":"tag-international","12":"tag-news","13":"tag-parlement","14":"tag-politique","15":"tag-usa","16":"tag-world"},"share_on_mastodon":{"url":"https:\/\/pubeurope.com\/@fr\/115615189242437962","error":""},"_links":{"self":[{"href":"https:\/\/www.europesays.com\/fr\/wp-json\/wp\/v2\/posts\/559590","targetHints":{"allow":["GET"]}}],"collection":[{"href":"https:\/\/www.europesays.com\/fr\/wp-json\/wp\/v2\/posts"}],"about":[{"href":"https:\/\/www.europesays.com\/fr\/wp-json\/wp\/v2\/types\/post"}],"author":[{"embeddable":true,"href":"https:\/\/www.europesays.com\/fr\/wp-json\/wp\/v2\/users\/2"}],"replies":[{"embeddable":true,"href":"https:\/\/www.europesays.com\/fr\/wp-json\/wp\/v2\/comments?post=559590"}],"version-history":[{"count":0,"href":"https:\/\/www.europesays.com\/fr\/wp-json\/wp\/v2\/posts\/559590\/revisions"}],"wp:featuredmedia":[{"embeddable":true,"href":"https:\/\/www.europesays.com\/fr\/wp-json\/wp\/v2\/media\/559591"}],"wp:attachment":[{"href":"https:\/\/www.europesays.com\/fr\/wp-json\/wp\/v2\/media?parent=559590"}],"wp:term":[{"taxonomy":"category","embeddable":true,"href":"https:\/\/www.europesays.com\/fr\/wp-json\/wp\/v2\/categories?post=559590"},{"taxonomy":"post_tag","embeddable":true,"href":"https:\/\/www.europesays.com\/fr\/wp-json\/wp\/v2\/tags?post=559590"}],"curies":[{"name":"wp","href":"https:\/\/api.w.org\/{rel}","templated":true}]}}