{"id":559592,"date":"2025-11-26T09:02:15","date_gmt":"2025-11-26T09:02:15","guid":{"rendered":"https:\/\/www.europesays.com\/fr\/559592\/"},"modified":"2025-11-26T09:02:15","modified_gmt":"2025-11-26T09:02:15","slug":"prison-de-nanterre-premiere-operation-des-fouilles-xxl-de-la-drogue-et-70-portables-saisis","status":"publish","type":"post","link":"https:\/\/www.europesays.com\/fr\/559592\/","title":{"rendered":"Prison de Nanterre\u00a0: premi\u00e8re op\u00e9ration des \u00ab\u00a0fouilles XXL\u00a0\u00bb, de la drogue et 70 portables saisis"},"content":{"rendered":"<p class=\"paragraph text_align_left lp-f-body-02\">C\u2019est une op\u00e9ration d\u2019une ampleur rarement vue qui s\u2019est d\u00e9roul\u00e9e mardi 25 novembre \u00e0 la maison d\u2019arr\u00eat de <a href=\"https:\/\/www.leparisien.fr\/hauts-de-seine-92\/nanterre-92000\/\" target=\"_blank\" rel=\"noreferrer noopener\">Nanterre (Hauts-de-Seine)<\/a>. Cette nuit, pr\u00e8s de 200 agents sp\u00e9cialement mobilis\u00e9s ont men\u00e9 une fouille de grande envergure dans l\u2019\u00e9tablissement p\u00e9nitentiaire, permettant la saisie de 70 t\u00e9l\u00e9phones portables et de stup\u00e9fiants, dont la pes\u00e9e est toujours en cours. Une premi\u00e8re du genre depuis quinze ans.<\/p>\n<p class=\"paragraph text_align_left lp-f-body-02\">Cette op\u00e9ration marque le coup d\u2019envoi d\u2019un vaste plan de lutte <a href=\"https:\/\/www.leparisien.fr\/faits-divers\/drogue-portables-manettes-de-consoles-trois-detenus-de-la-prison-de-reims-se-font-livrer-par-drone-en-pleine-nuit-15-10-2025-FQADQ74JTZCXNLISYHM2MLTYLA.php\" target=\"_blank\" rel=\"noreferrer noopener\">contre les objets illicites en d\u00e9tention<\/a>, annonc\u00e9 ce mercredi matin sur RTL, par le garde des Sceaux, G\u00e9rald Darmanin. Dans une circulaire adress\u00e9e \u00e0 l\u2019ensemble des directeurs interr\u00e9gionaux des services p\u00e9nitentiaires, le ministre de la Justice ordonne l\u2019organisation de \u00ab fouilles sectorielles \u00bb dans toutes les maisons d\u2019arr\u00eat de France d\u2019ici au 31 d\u00e9cembre 2025.<\/p>\n<p>Des moyens technologiques in\u00e9dits<\/p>\n<p class=\"paragraph text_align_left lp-f-body-02\">\u00c0 Nanterre, les autorit\u00e9s ont d\u00e9ploy\u00e9 des moyens exceptionnels. Outre les quelque 200 agents mobilis\u00e9s, des <a href=\"https:\/\/www.leparisien.fr\/oise-60\/70-000-de-stupefiants-debusques-dans-sa-carriere-murphy-le-chien-policier-de-beauvais-part-en-retraite-01-11-2025-C3SLOYOPTRDVDJGX577ANZ2J6E.php\" target=\"_blank\" rel=\"noreferrer noopener\">chiens sp\u00e9cialement form\u00e9<\/a>s \u00e0 la d\u00e9tection de stup\u00e9fiants et des dispositifs technologiques de pointe ont \u00e9t\u00e9 utilis\u00e9s. Ces \u00e9quipements permettent notamment de d\u00e9tecter les t\u00e9l\u00e9phones portables, m\u00eame \u00e9teints, ainsi que les cartes SIM dissimul\u00e9es dans les cellules.<\/p>\n<p class=\"paragraph text_align_left lp-f-body-02\">Chaque fouille sectorielle doit concerner environ 50 cellules et 100 personnes d\u00e9tenues, de mani\u00e8re \u00e0 pouvoir ouvrir le maximum de cellules simultan\u00e9ment, pr\u00e9cise la circulaire minist\u00e9rielle. Les chefs d\u2019\u00e9tablissement sont invit\u00e9s \u00e0 solliciter le concours des forces de s\u00e9curit\u00e9 int\u00e9rieure, des \u00e9quipes cynotechniques, des agents des douanes, mais \u00e9galement la pr\u00e9sence d\u2019officiers de police judiciaire et d\u2019un repr\u00e9sentant du minist\u00e8re public.<\/p>\n<p>79 526 d\u00e9couvertes en 2024<\/p>\n<p class=\"paragraph text_align_left lp-f-body-02\">Cette offensive intervient alors que l\u2019administration p\u00e9nitentiaire fait face \u00e0 une v\u00e9ritable h\u00e9morragie. En 2024, pas moins de 79 526 d\u00e9couvertes de t\u00e9l\u00e9phones et d\u2019accessoires (cartes SIM, chargeurs, c\u00e2bles USB) ont \u00e9t\u00e9 d\u00e9nombr\u00e9es en d\u00e9tention. Un chiffre vertigineux qui t\u00e9moigne de la porosit\u00e9 des \u00e9tablissements p\u00e9nitentiaires.<\/p>\n<p class=\"paragraph text_align_left lp-f-body-02\">\u00ab La perm\u00e9abilit\u00e9 des \u00e9tablissements p\u00e9nitentiaires, y compris dans des quartiers s\u00e9curis\u00e9s tels que les quartiers d\u2019isolement, a facilit\u00e9 la poursuite de leurs activit\u00e9s par les d\u00e9linquants et criminels, malgr\u00e9 leur incarc\u00e9ration \u00bb, d\u00e9plore G\u00e9rald Darmanin dans sa circulaire. Le ministre souligne que cette faille a conduit \u00e0 la cr\u00e9ation des quartiers de lutte contre la criminalit\u00e9 organis\u00e9e (QLCO), destin\u00e9s \u00e0 isoler les narcotrafiquants les plus dangereux.<\/p>\n<p class=\"paragraph text_align_left lp-f-body-02\">Le premier de ces quartiers ultra-s\u00e9curis\u00e9s a \u00e9t\u00e9 mis en service \u00e0 Vendin-le-Vieil, suivi d\u2019un second \u00e0 Cond\u00e9-sur-Sarthe. Quatre mois apr\u00e8s la mise en service du premier d\u2019entre eux, le ministre dresse un premier bilan positif de ces structures qui accueillent pr\u00e8s de 140 d\u00e9tenus sur les plus de 85 000 pris en charge par l\u2019administration p\u00e9nitentiaire.<\/p>\n<p class=\"paragraph text_align_left lp-f-body-02\">Ces fouilles massives s\u2019inscrivent dans la strat\u00e9gie plus large annonc\u00e9e le 21 novembre par G\u00e9rald Darmanin lors d\u2019un d\u00e9placement \u00e0 la prison de la Sant\u00e9. Le garde des Sceaux a d\u00e9voil\u00e9 un <a href=\"https:\/\/www.leparisien.fr\/faits-divers\/brouilleurs-scanners-portiques-a-ondes-millimetriques-darmanin-lance-son-plan-zero-portable-en-prison-21-11-2025-33SLOPV2ZVCRNHT2WCB5SHZO24.php\" target=\"_blank\" rel=\"noreferrer noopener\">plan \u00ab z\u00e9ro t\u00e9l\u00e9phone \u00bb<\/a> de 29 millions d\u2019euros visant \u00e0 renforcer l\u2019\u00e9tanch\u00e9it\u00e9 de six \u00e9tablissements pilotes gr\u00e2ce \u00e0 des brouilleurs, des portiques \u00e0 ondes millim\u00e9triques et la couverture des cours de promenade pour emp\u00eacher les projections d\u2019objets depuis l\u2019ext\u00e9rieur.<\/p>\n<p>R\u00e9ponse p\u00e9nale syst\u00e9matique<\/p>\n<p class=\"paragraph text_align_left lp-f-body-02\">Mais le ministre entend d\u00e9sormais \u00e9tendre la lutte \u00e0 l\u2019ensemble du parc p\u00e9nitentiaire. Toutes les d\u00e9couvertes r\u00e9alis\u00e9es lors de ces op\u00e9rations de fouille feront syst\u00e9matiquement l\u2019objet d\u2019un signalement au parquet comp\u00e9tent, \u00ab afin de permettre l\u2019engagement de poursuites chaque fois que les \u00e9l\u00e9ments constitutifs d\u2019une infraction seront r\u00e9unis \u00bb, insiste la circulaire.<\/p>\n<p class=\"paragraph text_align_left lp-f-body-02\">Six \u00e9tablissements p\u00e9nitentiaires font par ailleurs l\u2019objet d\u2019un plan sp\u00e9cifique de lutte contre les t\u00e9l\u00e9phones portables, combinant dispositifs actifs et passifs : les maisons d\u2019arr\u00eat d\u2019Arras et de Dijon, et les centres p\u00e9nitentiaires de Paris-La Sant\u00e9, Rennes-Vezin, Toulon-La Farl\u00e8de et Toulouse-Seysses. Dans ces six seules structures, 545 t\u00e9l\u00e9phones portables ont \u00e9t\u00e9 saisis en 2024.<\/p>\n<p class=\"paragraph text_align_left lp-f-body-02\">Les directeurs interr\u00e9gionaux des services p\u00e9nitentiaires doivent transmettre au minist\u00e8re le calendrier de l\u2019ensemble de ces fouilles pour le 3 d\u00e9cembre prochain.<\/p>\n","protected":false},"excerpt":{"rendered":"C\u2019est une op\u00e9ration d\u2019une ampleur rarement vue qui s\u2019est d\u00e9roul\u00e9e mardi 25 novembre \u00e0 la maison d\u2019arr\u00eat de&hellip;\n","protected":false},"author":2,"featured_media":559593,"comment_status":"","ping_status":"","sticky":false,"template":"","format":"standard","meta":{"footnotes":""},"categories":[4],"tags":[11,1011,27,3314,1944,67667,12,25],"class_list":{"0":"post-559592","1":"post","2":"type-post","3":"status-publish","4":"format-standard","5":"has-post-thumbnail","7":"category-france","8":"tag-actualites","9":"tag-fr","10":"tag-france","11":"tag-hauts-de-seine","12":"tag-ma-ville","13":"tag-nanterre-92000","14":"tag-news","15":"tag-republique-francaise"},"share_on_mastodon":{"url":"https:\/\/pubeurope.com\/@fr\/115615193141964148","error":""},"_links":{"self":[{"href":"https:\/\/www.europesays.com\/fr\/wp-json\/wp\/v2\/posts\/559592","targetHints":{"allow":["GET"]}}],"collection":[{"href":"https:\/\/www.europesays.com\/fr\/wp-json\/wp\/v2\/posts"}],"about":[{"href":"https:\/\/www.europesays.com\/fr\/wp-json\/wp\/v2\/types\/post"}],"author":[{"embeddable":true,"href":"https:\/\/www.europesays.com\/fr\/wp-json\/wp\/v2\/users\/2"}],"replies":[{"embeddable":true,"href":"https:\/\/www.europesays.com\/fr\/wp-json\/wp\/v2\/comments?post=559592"}],"version-history":[{"count":0,"href":"https:\/\/www.europesays.com\/fr\/wp-json\/wp\/v2\/posts\/559592\/revisions"}],"wp:featuredmedia":[{"embeddable":true,"href":"https:\/\/www.europesays.com\/fr\/wp-json\/wp\/v2\/media\/559593"}],"wp:attachment":[{"href":"https:\/\/www.europesays.com\/fr\/wp-json\/wp\/v2\/media?parent=559592"}],"wp:term":[{"taxonomy":"category","embeddable":true,"href":"https:\/\/www.europesays.com\/fr\/wp-json\/wp\/v2\/categories?post=559592"},{"taxonomy":"post_tag","embeddable":true,"href":"https:\/\/www.europesays.com\/fr\/wp-json\/wp\/v2\/tags?post=559592"}],"curies":[{"name":"wp","href":"https:\/\/api.w.org\/{rel}","templated":true}]}}