{"id":559600,"date":"2025-11-26T09:06:17","date_gmt":"2025-11-26T09:06:17","guid":{"rendered":"https:\/\/www.europesays.com\/fr\/559600\/"},"modified":"2025-11-26T09:06:17","modified_gmt":"2025-11-26T09:06:17","slug":"faux-sites-dinfos-vrais-dangers","status":"publish","type":"post","link":"https:\/\/www.europesays.com\/fr\/559600\/","title":{"rendered":"faux sites d\u2019infos, vrais dangers"},"content":{"rendered":"<p>La guerre de la d\u00e9sinformation fait rage jusqu\u2019\u00e0 nos \u00e9crans. Sur internet, des dizaines de faux sites imitent les codes et les intitul\u00e9s de la presse r\u00e9gionale, y compris ceux de votre propre journal, et publient des articles produits \u00e0 l\u2019aide de l\u2019intelligence artificielle, dont les contenus visent \u00e0 discr\u00e9diter l\u2019Ukraine ou \u00e0 manipuler l\u2019opinion fran\u00e7aise. Tout cela peut sembler tr\u00e8s virtuel et lointain. Le danger n\u2019a en r\u00e9alit\u00e9 jamais \u00e9t\u00e9 aussi proche. Dans le but de berner les lecteurs, ces sites vont jusqu\u2019\u00e0 faire croire que leurs si\u00e8ges sociaux sont bas\u00e9s pour l\u2019un \u00e0 Epinal, pour d\u2019autres \u00e0 Nancy, Strasbourg, Metz ou Dijon. Nos reporters se sont rendus aux adresses indiqu\u00e9es par une partie de ces pr\u00e9tendues soci\u00e9t\u00e9s pour v\u00e9rifier, ce qui est la base du travail journalistique.<\/p>\n<p>Une campagne de d\u00e9sinformation XXL<\/p>\n<p> L\u2019enqu\u00eate que nous publions confirme notre intuition\u00a0: tout est bidon, jusqu\u2019aux noms des r\u00e9dacteurs fant\u00f4mes de ces sites. Selon l\u2019entreprise am\u00e9ricaine de cybers\u00e9curit\u00e9 Recorded Future, 141 faux sites d\u2019information du m\u00eame mod\u00e8le ont fait irruption sur la toile au premier semestre. Une campagne de d\u00e9sinformation XXL, attribu\u00e9e \u00e0 de puissants r\u00e9seaux d\u2019influence russes. \u00c0 l\u2019approche des \u00e9lections municipales puis de la pr\u00e9sidentielle de 2027, les experts mettent en garde contre l\u2019utilisation qui pourrait \u00eatre faite de ces sites dop\u00e9s aux algorithmes et \u00e0 l\u2019IA pour inonder le web et les r\u00e9seaux sociaux de fake news et autres rumeurs. Lutter contre ces entreprises de d\u00e9stabilisation op\u00e9rant depuis l\u2019\u00e9tranger s\u2019av\u00e8re extr\u00eamement compliqu\u00e9. Il va falloir apprendre \u00e0 vivre avec et \u00e0 discerner le vrai du faux. Personne ne peut affirmer ne pas s\u2019\u00eatre fait abuser, un jour ou l\u2019autre, par une fausse info lue \u00e0 la va-vite sur son smartphone. La guerre de la d\u00e9sinformation est d\u00e9clar\u00e9e. \u00c0 chacun de mener son propre combat, qui commence par une extr\u00eame vigilance sur l\u2019origine des infos qu\u2019il consomme.\u00a0<\/p>\n<p>\u00a0<\/p>\n","protected":false},"excerpt":{"rendered":"La guerre de la d\u00e9sinformation fait rage jusqu\u2019\u00e0 nos \u00e9crans. Sur internet, des dizaines de faux sites imitent&hellip;\n","protected":false},"author":2,"featured_media":559601,"comment_status":"","ping_status":"","sticky":false,"template":"","format":"standard","meta":{"footnotes":""},"categories":[9635],"tags":[1111,11,2518,1777,674,107,1011,27,329,775,1702,12,25,273,104],"class_list":{"0":"post-559600","1":"post","2":"type-post","3":"status-publish","4":"format-standard","5":"has-post-thumbnail","7":"category-nancy","8":"tag-actu","9":"tag-actualites","10":"tag-edito","11":"tag-eu","12":"tag-europe","13":"tag-fil-info","14":"tag-fr","15":"tag-france","16":"tag-france-monde","17":"tag-grand-est","18":"tag-nancy","19":"tag-news","20":"tag-republique-francaise","21":"tag-selection-de-la-redaction","22":"tag-societe"},"share_on_mastodon":{"url":"https:\/\/pubeurope.com\/@fr\/115615208970125085","error":""},"_links":{"self":[{"href":"https:\/\/www.europesays.com\/fr\/wp-json\/wp\/v2\/posts\/559600","targetHints":{"allow":["GET"]}}],"collection":[{"href":"https:\/\/www.europesays.com\/fr\/wp-json\/wp\/v2\/posts"}],"about":[{"href":"https:\/\/www.europesays.com\/fr\/wp-json\/wp\/v2\/types\/post"}],"author":[{"embeddable":true,"href":"https:\/\/www.europesays.com\/fr\/wp-json\/wp\/v2\/users\/2"}],"replies":[{"embeddable":true,"href":"https:\/\/www.europesays.com\/fr\/wp-json\/wp\/v2\/comments?post=559600"}],"version-history":[{"count":0,"href":"https:\/\/www.europesays.com\/fr\/wp-json\/wp\/v2\/posts\/559600\/revisions"}],"wp:featuredmedia":[{"embeddable":true,"href":"https:\/\/www.europesays.com\/fr\/wp-json\/wp\/v2\/media\/559601"}],"wp:attachment":[{"href":"https:\/\/www.europesays.com\/fr\/wp-json\/wp\/v2\/media?parent=559600"}],"wp:term":[{"taxonomy":"category","embeddable":true,"href":"https:\/\/www.europesays.com\/fr\/wp-json\/wp\/v2\/categories?post=559600"},{"taxonomy":"post_tag","embeddable":true,"href":"https:\/\/www.europesays.com\/fr\/wp-json\/wp\/v2\/tags?post=559600"}],"curies":[{"name":"wp","href":"https:\/\/api.w.org\/{rel}","templated":true}]}}