{"id":559612,"date":"2025-11-26T09:13:11","date_gmt":"2025-11-26T09:13:11","guid":{"rendered":"https:\/\/www.europesays.com\/fr\/559612\/"},"modified":"2025-11-26T09:13:11","modified_gmt":"2025-11-26T09:13:11","slug":"vainqueurs-a-anglet-les-dragons-de-rouen-poursuivent-leur-parcours-en-coupe-de-france","status":"publish","type":"post","link":"https:\/\/www.europesays.com\/fr\/559612\/","title":{"rendered":"vainqueurs \u00e0 Anglet, les Dragons de Rouen poursuivent leur parcours en Coupe de France"},"content":{"rendered":"<p>                    Par<br \/>\n        <strong><br \/>\n            <a href=\"https:\/\/actu.fr\/auteur\/alexandre-canivet\" title=\"Consulter tous les articles de Alexandre Canivet\" target=\"_blank\" rel=\"noopener\">Alexandre Canivet<\/a><br \/>\n                    <\/strong><\/p>\n<p>        Publi\u00e9 le<\/p>\n<p>            26 nov. 2025 \u00e0 9h17        <\/p>\n<p>Mission Pays basque remplie pour les <a href=\"https:\/\/actu.fr\/tag\/rouen-hockey-club\" target=\"_blank\" rel=\"noopener\">Dragons de Rouen<\/a>. Faciles vainqueurs <strong>(2-8)<\/strong> de l\u2019<strong>Hormadi d\u2019Anglet<\/strong>, <strong>mardi 25\u00a0novembre 2025<\/strong>, les hommes de Carl Mallette ne sont pas tomb\u00e9s dans le pi\u00e8ge comme cela leur \u00e9tait arriv\u00e9 courant octobre en Synerglace Ligue Magnus. Efficaces en sup\u00e9riorit\u00e9 num\u00e9rique et solides d\u00e9fensivement, les joueurs des bords de Seine ont logiquement remport\u00e9 la rencontre. Gr\u00e2ce \u00e0 ce succ\u00e8s <strong>les Rouennais acc\u00e8dent aux quarts de finale de la Coupe de France<\/strong>, troph\u00e9e qu\u2019ils n\u2019ont plus remport\u00e9 depuis 2016.<\/p>\n<p>Les Rouennais dominent le d\u00e9but de la rencontre<\/p>\n<p class=\" wall-content\">Les Jaune et Noir n\u2019auront pas mis longtemps \u00e0 marquer leur territoire dans ce match en capitalisant sur leur premi\u00e8re sup\u00e9riorit\u00e9 num\u00e9rique. Gresok reprenait de vol\u00e9e une passe de Lafrance pour ouvrir la marque (0-1, 2\u201945). Dominateurs, les Dragons appuyaient en zone offensive. Simonsen (8e) et Avonde (10e) \u00e9taient proches de doubler la marque pour les Normands.<\/p>\n<p class=\" wall-content\">Finalement la pression rouennaise \u00e9tait r\u00e9compens\u00e9e sur un joli lancer en pleine lucarne de Simonsen (0-2, 11\u201917). Logique. La marque n\u2019\u00e9tait pas loin de s\u2019alourdir un peu plus sur un nouveau tir de Lafrance sur le montant de Fleuret (14e) en sup\u00e9riorit\u00e9 num\u00e9rique.<\/p>\n<p class=\" wall-content\"><strong>Rouen accentue son avance<\/strong><\/p>\n<p class=\" wall-content\">Seulement les basques secou\u00e9s durant les vingt premi\u00e8res minutes allaient se r\u00e9veiller au retour des vestiaires. Mugnier dans les cages hier soir, faisait le job notamment devant Khovanov (22e) en sup\u00e9riorit\u00e9.<\/p>\n<p class=\" wall-content\">Le jeu plus \u00e9quilibr\u00e9 basculait \u00e0 nouveau en faveur des Dragons. Si Lafrance (26e) ne trouvait pas la faille, Vigners, lui, allumait la lucarne de Fleuret pour faire le break (0-3, 26\u201928). Le jeu s\u2019emballait et les joueurs de l\u2019Hormadi r\u00e9agissaient dans la foul\u00e9e. Volejnicek, laiss\u00e9 seul sur le c\u00f4t\u00e9 droit, trouvait dans un trou de souris la lucarne de Mugnier pour r\u00e9duire la marque (1-3, 27\u201906).<\/p>\n<p class=\" wall-content\">La joie \u00e9tait de courte dur\u00e9e c\u00f4t\u00e9 Anglet avec un but rapide de Holway sur un engagement en zone offensive (1-4, 27\u201957). Coupables d\u2019un rel\u00e2chement d\u00e9fensif, les Rouennais voyaient Munoz, seul devant Mugnier, redonner espoir \u00e0 son camp (2-4, 28\u201939). Les Angloys r\u00e9pondaient du tac au tac pour ne pas laisser les Dragons prendre le large.<\/p>\n<p class=\" wall-content\">Seulement, Lafrance ne l\u2019entendait pas de cette oreille. Sur un tir de Chakiachvili, en sup\u00e9riorit\u00e9, le petit attaquant qu\u00e9b\u00e9cois r\u00e9cup\u00e9rait le palet pour donner trois buts d\u2019avance (2-5, 33\u201909) \u00e0 son \u00e9quipe avant le retour au vestiaire.<\/p>\n<p>Votre r\u00e9gion, votre actu !<\/p>\n<p>Recevez chaque jour les infos qui comptent pour vous.<\/p>\n<p>\t<a href=\"https:\/\/actu.fr\/newsletter\" class=\"ac-btn ac-btn--corner ac-btn--medium ac-btn--blue800\" target=\"_blank\" rel=\"noopener\">S&rsquo;incrire<\/a><\/p>\n<p class=\" wall-content\"><strong>Doubl\u00e9 de Vigners et Gresok<\/strong><\/p>\n<p class=\" wall-content\">Il fallait terminer le travail dans la derni\u00e8re p\u00e9riode. Message entendu par Vigners, bien servi par Tessier, l\u2019attaquant letton (2-6, 45\u201929) allumait la lucarne de Fleuret une nouvelle fois en sup\u00e9riorit\u00e9 num\u00e9rique.<\/p>\n<p class=\" wall-content\">Gresok l\u2019imitait deux minutes plus tard d\u2019un tir en finesse pour donner au score des allures de correction (2-7, 47\u201928). De suspens il n\u2019y avait plus dans ce huiti\u00e8me de finale. Schmitt (2-8, 59\u201937) profitait d\u2019une mauvaise relance, pour cl\u00f4turer la marque d\u2019un tir entre les bottes du pauvre Fleuret.<\/p>\n<p class=\" wall-content\">Objectif rempli pour les prot\u00e9g\u00e9s de Carl Mallette qui ont rendez-vous avec <strong>les quarts de finale de la Coupe de France le 16 ou 17\u00a0d\u00e9cembre 2025<\/strong>. Ils ne sont plus qu\u2019\u00e0 deux matchs de retrouver l\u2019Accor Arena, lieu de la finale de la Coupe de France pr\u00e9vu le 1er\u00a0f\u00e9vrier 2026.<\/p>\n<p>Suivez l\u2019actualit\u00e9 de Rouen sur <a href=\"https:\/\/www.whatsapp.com\/channel\/0029VaKfnf99hXF2ddApFB1D\" target=\"_blank\" rel=\"noopener\">notre cha\u00eene WhatsApp<\/a> et sur <a href=\"https:\/\/www.tiktok.com\/@76actu.fr?lang=fr\" target=\"_blank\" rel=\"noopener\">notre compte TikTok<\/a><\/p>\n<p class=\" wall-content\">Personnalisez votre actualit\u00e9 en ajoutant vos villes et m\u00e9dias en favori avec <a href=\"https:\/\/moncompte.actu.fr\" title=\"D\u00e9couvez Mon Actu\" rel=\"nofollow noopener\" data-trk=\"{&quot;cta&quot;:{&quot;action&quot;:&quot;https:\\\/\\\/moncompte.actu.fr&quot;,&quot;category&quot;:&quot;mon compte&quot;,&quot;from&quot;:&quot;article footer&quot;,&quot;name&quot;:&quot;Mon actu&quot;,&quot;type&quot;:&quot;cta&quot;}}\" target=\"_blank\">Mon Actu<\/a>.<\/p>\n<p>                    <script async src=\"\/\/www.tiktok.com\/embed.js\"><\/script><\/p>\n","protected":false},"excerpt":{"rendered":"Par Alexandre Canivet Publi\u00e9 le 26 nov. 2025 \u00e0 9h17 Mission Pays basque remplie pour les Dragons de&hellip;\n","protected":false},"author":2,"featured_media":559613,"comment_status":"","ping_status":"","sticky":false,"template":"","format":"standard","meta":{"footnotes":""},"categories":[9587],"tags":[1111,11,83,1777,674,1011,27,4488,12,5161,25,9590,33958,60],"class_list":{"0":"post-559612","1":"post","2":"type-post","3":"status-publish","4":"format-standard","5":"has-post-thumbnail","7":"category-rouen","8":"tag-actu","9":"tag-actualites","10":"tag-coupe-de-france","11":"tag-eu","12":"tag-europe","13":"tag-fr","14":"tag-france","15":"tag-hockey","16":"tag-news","17":"tag-normandie","18":"tag-republique-francaise","19":"tag-rouen","20":"tag-rouen-hockey-club","21":"tag-sports"},"share_on_mastodon":{"url":"","error":""},"_links":{"self":[{"href":"https:\/\/www.europesays.com\/fr\/wp-json\/wp\/v2\/posts\/559612","targetHints":{"allow":["GET"]}}],"collection":[{"href":"https:\/\/www.europesays.com\/fr\/wp-json\/wp\/v2\/posts"}],"about":[{"href":"https:\/\/www.europesays.com\/fr\/wp-json\/wp\/v2\/types\/post"}],"author":[{"embeddable":true,"href":"https:\/\/www.europesays.com\/fr\/wp-json\/wp\/v2\/users\/2"}],"replies":[{"embeddable":true,"href":"https:\/\/www.europesays.com\/fr\/wp-json\/wp\/v2\/comments?post=559612"}],"version-history":[{"count":0,"href":"https:\/\/www.europesays.com\/fr\/wp-json\/wp\/v2\/posts\/559612\/revisions"}],"wp:featuredmedia":[{"embeddable":true,"href":"https:\/\/www.europesays.com\/fr\/wp-json\/wp\/v2\/media\/559613"}],"wp:attachment":[{"href":"https:\/\/www.europesays.com\/fr\/wp-json\/wp\/v2\/media?parent=559612"}],"wp:term":[{"taxonomy":"category","embeddable":true,"href":"https:\/\/www.europesays.com\/fr\/wp-json\/wp\/v2\/categories?post=559612"},{"taxonomy":"post_tag","embeddable":true,"href":"https:\/\/www.europesays.com\/fr\/wp-json\/wp\/v2\/tags?post=559612"}],"curies":[{"name":"wp","href":"https:\/\/api.w.org\/{rel}","templated":true}]}}