{"id":559614,"date":"2025-11-26T09:14:14","date_gmt":"2025-11-26T09:14:14","guid":{"rendered":"https:\/\/www.europesays.com\/fr\/559614\/"},"modified":"2025-11-26T09:14:14","modified_gmt":"2025-11-26T09:14:14","slug":"en-images-bd-comics-mangas-la-pop-culture-a-lhonneur-au-musee-de-grenoble","status":"publish","type":"post","link":"https:\/\/www.europesays.com\/fr\/559614\/","title":{"rendered":"En images. BD, comics, mangas,&#8230; la pop culture \u00e0 l&rsquo;honneur au mus\u00e9e de Grenoble"},"content":{"rendered":"<p>400, c&rsquo;est le nombre de planches qui composent la nouvelle exposition du mus\u00e9e de Grenoble \u00c9pop\u00e9es Graphiques Bande dessin\u00e9e, comics, manga. Les visiteurs peuvent donc appr\u00e9cier des oeuvres des plus grands auteurs, de Philippe Druillet \u00e0 Jean-Marc Rochette en passant par Moebius. De quoi s&rsquo;\u00e9vader quelques heures, \u00e0 travers les vingt salles de l&rsquo;exposition, durant les journ\u00e9es grises et froides de l&rsquo;hiver.\u00a0<\/p>\n","protected":false},"excerpt":{"rendered":"400, c&rsquo;est le nombre de planches qui composent la nouvelle exposition du mus\u00e9e de Grenoble \u00c9pop\u00e9es Graphiques Bande&hellip;\n","protected":false},"author":2,"featured_media":559615,"comment_status":"","ping_status":"","sticky":false,"template":"","format":"standard","meta":{"footnotes":""},"categories":[9566],"tags":[1111,11,2430,1687,112,113,114,1777,674,2271,1011,27,2797,5325,2798,2731,108,12,25],"class_list":{"0":"post-559614","1":"post","2":"type-post","3":"status-publish","4":"format-standard","5":"has-post-thumbnail","7":"category-grenoble","8":"tag-actu","9":"tag-actualites","10":"tag-auvergne-rhone-alpes","11":"tag-culture-loisirs","12":"tag-edition-grenoble-agglomeration","13":"tag-edition-gresivaudan-oisans","14":"tag-edition-voiron-saint-marcellin","15":"tag-eu","16":"tag-europe","17":"tag-exposition-arts-plastiques","18":"tag-fr","19":"tag-france","20":"tag-galerie-loisirs","21":"tag-galerie-media","22":"tag-galerie-photo","23":"tag-grenoble","24":"tag-isere","25":"tag-news","26":"tag-republique-francaise"},"share_on_mastodon":{"url":"https:\/\/pubeurope.com\/@fr\/115615240265316342","error":""},"_links":{"self":[{"href":"https:\/\/www.europesays.com\/fr\/wp-json\/wp\/v2\/posts\/559614","targetHints":{"allow":["GET"]}}],"collection":[{"href":"https:\/\/www.europesays.com\/fr\/wp-json\/wp\/v2\/posts"}],"about":[{"href":"https:\/\/www.europesays.com\/fr\/wp-json\/wp\/v2\/types\/post"}],"author":[{"embeddable":true,"href":"https:\/\/www.europesays.com\/fr\/wp-json\/wp\/v2\/users\/2"}],"replies":[{"embeddable":true,"href":"https:\/\/www.europesays.com\/fr\/wp-json\/wp\/v2\/comments?post=559614"}],"version-history":[{"count":0,"href":"https:\/\/www.europesays.com\/fr\/wp-json\/wp\/v2\/posts\/559614\/revisions"}],"wp:featuredmedia":[{"embeddable":true,"href":"https:\/\/www.europesays.com\/fr\/wp-json\/wp\/v2\/media\/559615"}],"wp:attachment":[{"href":"https:\/\/www.europesays.com\/fr\/wp-json\/wp\/v2\/media?parent=559614"}],"wp:term":[{"taxonomy":"category","embeddable":true,"href":"https:\/\/www.europesays.com\/fr\/wp-json\/wp\/v2\/categories?post=559614"},{"taxonomy":"post_tag","embeddable":true,"href":"https:\/\/www.europesays.com\/fr\/wp-json\/wp\/v2\/tags?post=559614"}],"curies":[{"name":"wp","href":"https:\/\/api.w.org\/{rel}","templated":true}]}}