{"id":559616,"date":"2025-11-26T09:15:18","date_gmt":"2025-11-26T09:15:18","guid":{"rendered":"https:\/\/www.europesays.com\/fr\/559616\/"},"modified":"2025-11-26T09:15:18","modified_gmt":"2025-11-26T09:15:18","slug":"louis-mary-part-en-pret-a-grenoble","status":"publish","type":"post","link":"https:\/\/www.europesays.com\/fr\/559616\/","title":{"rendered":"Louis Mary part en pr\u00eat \u00e0 Grenoble"},"content":{"rendered":"<p>Arriv\u00e9 \u00e0 l\u2019UBB cet \u00e9t\u00e9 en provenance de Dax et tr\u00e8s peu utilis\u00e9 par le club girondin (2 entr\u00e9es en jeu), le pilier gauche Louis Mary rejoint le FC Grenoble (Pro D2) sous forme de pr\u00eat jusqu\u2019\u00e0 la fin de la saison. \u00ab\u00a0Il \u00e9tait cette saison en manque de temps de jeu, tandis qu\u2019au FCG, on perd Eli Elaine, bless\u00e9 toute la saison\u00a0\u00bb, explique Aubin Hueber, le manager grenoblois. \u00ab\u00a0Jeff (Dubois, coach) a \u00e9chang\u00e9 avec Yannick Bru et ils ont trouv\u00e9 ensemble un accord pour que Louis nous rejoigne. Louis est un joueur solide en m\u00eal\u00e9e, qui a des mains, capable de joueur des ballons. C\u2019est aussi un bon gars, comme on a envie d\u2019en avoir dans le groupe.\u00a0\u00bb<\/p>\n","protected":false},"excerpt":{"rendered":"Arriv\u00e9 \u00e0 l\u2019UBB cet \u00e9t\u00e9 en provenance de Dax et tr\u00e8s peu utilis\u00e9 par le club girondin (2&hellip;\n","protected":false},"author":2,"featured_media":559617,"comment_status":"","ping_status":"","sticky":false,"template":"","format":"standard","meta":{"footnotes":""},"categories":[9566],"tags":[1111,11,2430,1777,674,1011,27,2731,12,25],"class_list":{"0":"post-559616","1":"post","2":"type-post","3":"status-publish","4":"format-standard","5":"has-post-thumbnail","7":"category-grenoble","8":"tag-actu","9":"tag-actualites","10":"tag-auvergne-rhone-alpes","11":"tag-eu","12":"tag-europe","13":"tag-fr","14":"tag-france","15":"tag-grenoble","16":"tag-news","17":"tag-republique-francaise"},"share_on_mastodon":{"url":"https:\/\/pubeurope.com\/@fr\/115615244334368559","error":""},"_links":{"self":[{"href":"https:\/\/www.europesays.com\/fr\/wp-json\/wp\/v2\/posts\/559616","targetHints":{"allow":["GET"]}}],"collection":[{"href":"https:\/\/www.europesays.com\/fr\/wp-json\/wp\/v2\/posts"}],"about":[{"href":"https:\/\/www.europesays.com\/fr\/wp-json\/wp\/v2\/types\/post"}],"author":[{"embeddable":true,"href":"https:\/\/www.europesays.com\/fr\/wp-json\/wp\/v2\/users\/2"}],"replies":[{"embeddable":true,"href":"https:\/\/www.europesays.com\/fr\/wp-json\/wp\/v2\/comments?post=559616"}],"version-history":[{"count":0,"href":"https:\/\/www.europesays.com\/fr\/wp-json\/wp\/v2\/posts\/559616\/revisions"}],"wp:featuredmedia":[{"embeddable":true,"href":"https:\/\/www.europesays.com\/fr\/wp-json\/wp\/v2\/media\/559617"}],"wp:attachment":[{"href":"https:\/\/www.europesays.com\/fr\/wp-json\/wp\/v2\/media?parent=559616"}],"wp:term":[{"taxonomy":"category","embeddable":true,"href":"https:\/\/www.europesays.com\/fr\/wp-json\/wp\/v2\/categories?post=559616"},{"taxonomy":"post_tag","embeddable":true,"href":"https:\/\/www.europesays.com\/fr\/wp-json\/wp\/v2\/tags?post=559616"}],"curies":[{"name":"wp","href":"https:\/\/api.w.org\/{rel}","templated":true}]}}