{"id":559620,"date":"2025-11-26T09:18:18","date_gmt":"2025-11-26T09:18:18","guid":{"rendered":"https:\/\/www.europesays.com\/fr\/559620\/"},"modified":"2025-11-26T09:18:18","modified_gmt":"2025-11-26T09:18:18","slug":"rennes-une-femme-decede-dans-lincendie-de-son-appartement-son-fils-gravement-brule","status":"publish","type":"post","link":"https:\/\/www.europesays.com\/fr\/559620\/","title":{"rendered":"Rennes : Une femme d\u00e9c\u00e8de dans l\u2019incendie de son appartement, son fils gravement br\u00fbl\u00e9"},"content":{"rendered":"<p class=\"mb-4 text-lg md:leading-8 break-words\"><strong>Drame &#8211; Le feu s\u2019est d\u00e9clar\u00e9 dans un logement situ\u00e9 au 4e \u00e9tage d\u2019un immeuble de Cleunay<\/strong><\/p>\n<p class=\"mb-4 text-lg md:leading-8 break-words\">Le feu s\u2019est d\u00e9clar\u00e9 peu avant minuit, dans la nuit de mardi \u00e0 mercredi. Au num\u00e9ro\u00a034 de la rue Ferdinand de Lesseps, \u00e0 deux pas de la station de m\u00e9tro Cleunay, \u00e0 <a href=\"https:\/\/www.20minutes.fr\/rennes\/?at_medium=RSS%20feed&amp;at_campaign=ynews&amp;utm_source=yahoo&amp;utm_medium=rss&amp;utm_campaign=news_feed&amp;utm_content=in_article_link\" rel=\"nofollow noopener\" target=\"_blank\" data-ylk=\"slk:Rennes;elm:context_link;itc:0;sec:content-canvas\" class=\"link \">Rennes<\/a>, un incendie s\u2019est d\u00e9clar\u00e9 dans un appartement situ\u00e9 au quatri\u00e8me \u00e9tage. Alert\u00e9s, les pompiers ont tent\u00e9 de ma\u00eetriser le sinistre. Ils n\u2019ont rien pu faire pour sauver la femme qui occupait le logement.<\/p>\n<p class=\"mb-4 text-lg md:leading-8 break-words\">\u00c2g\u00e9e de 81 ans, elle a \u00e9t\u00e9 sortie de l\u2019appartement par les pompiers mais d\u00e9clar\u00e9e d\u00e9c\u00e9d\u00e9e par un m\u00e9decin. Les secours ont pris en charge son fils, \u00e2g\u00e9 de 54 ans. Br\u00fbl\u00e9 <a href=\"https:\/\/www.ameli.fr\/assure\/sante\/urgence\/accidents-domestiques\/brulures-peau?at_medium=RSS%20feed&amp;at_campaign=ynews&amp;utm_source=yahoo&amp;utm_medium=rss&amp;utm_campaign=news_feed&amp;utm_content=in_article_link\" rel=\"nofollow noopener\" target=\"_blank\" data-ylk=\"slk:aux deuxi\u00e8me et troisi\u00e8me degr\u00e9s;elm:context_link;itc:0;sec:content-canvas\" class=\"link \">aux deuxi\u00e8me et troisi\u00e8me degr\u00e9s<\/a>, l\u2019homme a \u00e9t\u00e9 transport\u00e9 en urgence absolue vers le CHU Pontchaillou.<\/p>\n<p>Publicit\u00e9<\/p>\n<p>Publicit\u00e9<\/p>\n<p>Publicit\u00e9<\/p>\n<p>Publicit\u00e9<\/p>\n<p class=\"mb-4 text-lg md:leading-8 break-words\">D\u2019apr\u00e8s nos confr\u00e8res de Ouest-France, qui citent les pompiers, le feu aurait pu \u00eatre caus\u00e9 par une bougie, laiss\u00e9e allum\u00e9e dans l\u2019appartement. L\u2019intervention des 31 pompiers venus des diff\u00e9rents centres de Rennes a permis de limiter l\u2019incendie \u00e0 un seul appartement. L\u2019intervention s\u2019est termin\u00e9e vers 2 heures du matin ce mercredi.<\/p>\n<p class=\"mb-4 text-lg md:leading-8 break-words\"><a href=\"https:\/\/www.20minutes.fr\/faits_divers\/faits-divers-rennes\/4187987-20251126-rennes-femme-decede-incendie-appartement-fils-gravement-brule?at_medium=RSS%20feed&amp;at_campaign=ynews&amp;utm_source=yahoo&amp;utm_medium=rss&amp;utm_campaign=news_feed&amp;utm_content=read_more_link&quot;\" rel=\"nofollow noopener\" target=\"_blank\" data-ylk=\"slk:Lire la suite sur 20minutes;elm:context_link;itc:0;sec:content-canvas\" class=\"link \">Lire la suite sur 20minutes<\/a><\/p>\n<p>\u00c0 lire aussi :<br \/><a href=\"https:\/\/www.20minutes.fr\/faits_divers\/4187728-20251125-rennes-detenu-cavale-apres-sortie-planetarium-deja-evade-trois-fois?at_medium=RSS%20feed&amp;at_campaign=ynews&amp;utm_source=yahoo&amp;utm_medium=rss&amp;utm_campaign=news_feed&amp;utm_content=related_content_link\" rel=\"nofollow noopener\" target=\"_blank\" data-ylk=\"slk:Rennes\u00a0: Le d\u00e9tenu en cavale apr\u00e8s une sortie au plan\u00e9tarium s\u2019\u00e9tait d\u00e9j\u00e0 \u00e9vad\u00e9 trois fois;elm:context_link;itc:0;sec:content-canvas\" class=\"link \">Rennes\u00a0: Le d\u00e9tenu en cavale apr\u00e8s une sortie au plan\u00e9tarium s\u2019\u00e9tait d\u00e9j\u00e0 \u00e9vad\u00e9 trois fois<\/a><br \/><a href=\"https:\/\/www.20minutes.fr\/societe\/greve\/4187876-20251125-rennes-plusieurs-scenarios-etude-apres-refus-famille-avoir-enseignant-homme?at_medium=RSS%20feed&amp;at_campaign=ynews&amp;utm_source=yahoo&amp;utm_medium=rss&amp;utm_campaign=news_feed&amp;utm_content=related_content_link\" rel=\"nofollow noopener\" target=\"_blank\" data-ylk=\"slk:Rennes\u00a0: \u00ab\u00a0Plusieurs sc\u00e9narios sont \u00e0 l\u2019\u00e9tude\u00a0\u00bb apr\u00e8s le refus d\u2019une famille d\u2019avoir un enseignant homme;elm:context_link;itc:0;sec:content-canvas\" class=\"link \">Rennes\u00a0: \u00ab\u00a0Plusieurs sc\u00e9narios sont \u00e0 l\u2019\u00e9tude\u00a0\u00bb apr\u00e8s le refus d\u2019une famille d\u2019avoir un enseignant homme<\/a><\/p>\n","protected":false},"excerpt":{"rendered":"Drame &#8211; Le feu s\u2019est d\u00e9clar\u00e9 dans un logement situ\u00e9 au 4e \u00e9tage d\u2019un immeuble de Cleunay Le&hellip;\n","protected":false},"author":2,"featured_media":559621,"comment_status":"","ping_status":"","sticky":false,"template":"","format":"standard","meta":{"footnotes":""},"categories":[2821],"tags":[1111,11,829,20403,1777,674,40109,1011,27,52491,12,21155,584,25],"class_list":{"0":"post-559620","1":"post","2":"type-post","3":"status-publish","4":"format-standard","5":"has-post-thumbnail","7":"category-rennes","8":"tag-actu","9":"tag-actualites","10":"tag-bretagne","11":"tag-cleunay","12":"tag-eu","13":"tag-europe","14":"tag-ferdinand-de-lesseps","15":"tag-fr","16":"tag-france","17":"tag-lappartement","18":"tag-news","19":"tag-quatrieme-etage","20":"tag-rennes","21":"tag-republique-francaise"},"share_on_mastodon":{"url":"https:\/\/pubeurope.com\/@fr\/115615255950518801","error":""},"_links":{"self":[{"href":"https:\/\/www.europesays.com\/fr\/wp-json\/wp\/v2\/posts\/559620","targetHints":{"allow":["GET"]}}],"collection":[{"href":"https:\/\/www.europesays.com\/fr\/wp-json\/wp\/v2\/posts"}],"about":[{"href":"https:\/\/www.europesays.com\/fr\/wp-json\/wp\/v2\/types\/post"}],"author":[{"embeddable":true,"href":"https:\/\/www.europesays.com\/fr\/wp-json\/wp\/v2\/users\/2"}],"replies":[{"embeddable":true,"href":"https:\/\/www.europesays.com\/fr\/wp-json\/wp\/v2\/comments?post=559620"}],"version-history":[{"count":0,"href":"https:\/\/www.europesays.com\/fr\/wp-json\/wp\/v2\/posts\/559620\/revisions"}],"wp:featuredmedia":[{"embeddable":true,"href":"https:\/\/www.europesays.com\/fr\/wp-json\/wp\/v2\/media\/559621"}],"wp:attachment":[{"href":"https:\/\/www.europesays.com\/fr\/wp-json\/wp\/v2\/media?parent=559620"}],"wp:term":[{"taxonomy":"category","embeddable":true,"href":"https:\/\/www.europesays.com\/fr\/wp-json\/wp\/v2\/categories?post=559620"},{"taxonomy":"post_tag","embeddable":true,"href":"https:\/\/www.europesays.com\/fr\/wp-json\/wp\/v2\/tags?post=559620"}],"curies":[{"name":"wp","href":"https:\/\/api.w.org\/{rel}","templated":true}]}}