{"id":559622,"date":"2025-11-26T09:20:47","date_gmt":"2025-11-26T09:20:47","guid":{"rendered":"https:\/\/www.europesays.com\/fr\/559622\/"},"modified":"2025-11-26T09:20:47","modified_gmt":"2025-11-26T09:20:47","slug":"strasbourg-concert-one-night-of-queen","status":"publish","type":"post","link":"https:\/\/www.europesays.com\/fr\/559622\/","title":{"rendered":"Strasbourg > Concert > One Night of Queen"},"content":{"rendered":"<p>\u00c0 Strasbourg, le mythique hommage \u00e0 Queen revient avec un show taill\u00e9 pour enflammer les fans et replonger la capitale alsacienne dans l\u2019atmosph\u00e8re de Wembley 1986, avec l\u2019\u00e9nergie magistrale de Gary Mullen.<\/p>\n<p><img loading=\"lazy\" decoding=\"async\" width=\"1024\" height=\"682\" src=\"https:\/\/www.europesays.com\/fr\/wp-content\/uploads\/2025\/11\/Rock_Legends_8M5A1643_credit-1024x682.jpg\" alt=\"Strasbourg &gt; Concert &gt; One Night of Queen\" class=\"wp-image-1526483\"\/>Rock Legends at olympia Paris<\/p>\n<p class=\"has-medium-font-size\">La tourn\u00e9e One Night of Queen, port\u00e9e par le charismatique Gary Mullen, revient en France avec une nouvelle production qui promet un souffle \u00e9pique. Adoub\u00e9 par la m\u00e8re de Freddie Mercury, le chanteur incarne avec puissance l\u2019esprit du rock britannique. Apr\u00e8s avoir attir\u00e9 plus de 1,5 million de spectateurs dans l\u2019Hexagone, le show s\u2019annonce comme l\u2019un des rendez-vous phares de l\u2019automne \u00e0 <a href=\"https:\/\/www.info-lux.com\/?s=strasbourg\" target=\"_blank\" rel=\"noopener\">Strasbourg<\/a>, au c\u0153ur d\u2019une tourn\u00e9e monumentale traversant le pays. Cette proposition sc\u00e9nique, inspir\u00e9e du mythique concert de 1986, offre une immersion totale dans l\u2019univers de Queen, gr\u00e2ce \u00e0 des moyens techniques spectaculaires. Strasbourg &gt; Concert &gt; One Night of Queen<\/p>\n<p>Le retour d\u2019un ph\u00e9nom\u00e8ne sc\u00e9nique<\/p>\n<p class=\"has-medium-font-size\">Sur sc\u00e8ne, Gary Mullen r\u00e9active l\u2019aura flamboyante de Freddie Mercury. Son timbre, sa pr\u00e9sence et sa g\u00e9n\u00e9rosit\u00e9 rappellent les grandes heures du groupe, comme le montre le communiqu\u00e9 officiel annon\u00e7ant un show encore plus ambitieux pour cette nouvelle tourn\u00e9e . \u00c0 Strasbourg, les fans retrouveront costumes grandioses, light show puissant et une setlist fid\u00e8le au concert de Wembley, un moment culte de l\u2019histoire du rock.<\/p>\n<p><img loading=\"lazy\" decoding=\"async\" width=\"1024\" height=\"682\" src=\"https:\/\/www.europesays.com\/fr\/wp-content\/uploads\/2025\/11\/Rock_Legends_8M5A1747_credit-1024x682.jpg\" alt=\"Strasbourg &gt; Concert &gt; One Night of Queen\" class=\"wp-image-1526484\"\/>Rock Legends at olympia Paris<\/p>\n<p>Strasbourg &gt; Concert &gt; One Night of Queen<\/p>\n<p>Une immersion Wembley 86 au c\u0153ur de Strasbourg<\/p>\n<p class=\"has-medium-font-size\">THE WEMBLEY SHOW promet un v\u00e9ritable voyage dans le temps, avec une reproduction minutieuse du concert de juillet 1986, lorsque Freddie Mercury entrait sur sc\u00e8ne v\u00eatu de sa cape d\u2019hermine pour entonner God Save The Queen . Une sc\u00e9nographie impressionnante enveloppera le Z\u00e9nith de Strasbourg, transformant la salle alsacienne en ar\u00e8ne rock britannique, pour une soir\u00e9e o\u00f9 \u00e9motions, \u00e9nergie et communion avec le public seront au rendez-vous.<\/p>\n<p>Strasbourg &gt; Concert &gt; One Night of Queen<\/p>\n<p>Une \u00e9tape majeure d\u2019une tourn\u00e9e XXL<\/p>\n<p class=\"has-medium-font-size\">La tourn\u00e9e 2025-2027 traverse toute la France, et le passage de One Night of Queen \u00e0 <a href=\"https:\/\/www.info-lux.com\/?s=strasbourg\" target=\"_blank\" rel=\"noopener\">Strasbourg <\/a>s\u2019impose comme un temps fort, inscrit au c\u0153ur d\u2019un calendrier charg\u00e9 qui inclut Paris, Marseille, Lyon ou encore Amn\u00e9ville . \u00c0 Strasbourg, l\u2019attente est d\u00e9j\u00e0 palpable pour revivre le meilleur show de Queen\u2026 depuis Queen, dans l\u2019une des plus belles salles du Grand Est.<\/p>\n<p>strasbourg &gt; concert &gt; one night of queen<\/p>\n<p>D\u2019AUTRES INFOS DE LA R\u00c9GION DE STRASBOURG<\/p>\n<ul class=\"wp-block-latest-posts__list is-grid columns-3 wp-block-latest-posts\">\n<li><a href=\"https:\/\/www.info-lux.com\/metz-concert-amir\/actualites\/\" aria-label=\"METZ &gt; CONCERT &gt; AMIR\" target=\"_blank\" rel=\"noopener\"><img loading=\"lazy\" decoding=\"async\" width=\"300\" height=\"200\" src=\"https:\/\/www.europesays.com\/fr\/wp-content\/uploads\/2025\/11\/2LX_3870-300x200.jpg\" class=\"attachment-medium size-medium wp-post-image\" alt=\"\" style=\"\"\/><\/a><a class=\"wp-block-latest-posts__post-title\" href=\"https:\/\/www.info-lux.com\/metz-concert-amir\/actualites\/\" target=\"_blank\" rel=\"noopener\">METZ &gt; CONCERT &gt; AMIR<\/a>Amir \u00e9lectrise les Ar\u00e8nes de Metz : un concert entre \u00e9motions et f\u00eate Une tourn\u00e9e sous le signe de l\u2019\u00e9motion Ce dimanche 16 novembre 2025, en d\u00e9but de soir\u00e9e, Amir a\u2026 <a class=\"wp-block-latest-posts__read-more\" href=\"https:\/\/www.info-lux.com\/metz-concert-amir\/actualites\/\" rel=\"noopener noreferrer\" target=\"_blank\">Lire la suite\u00a0: METZ &gt; CONCERT &gt; AMIR<\/a><\/li>\n<li><a href=\"https:\/\/www.info-lux.com\/gerardmer-festival-film-fantastique-2\/actualites\/rubriques\/cinemas\/cinema\/\" aria-label=\"Gerardmer &gt; Festival &gt; Film fantastique\" target=\"_blank\" rel=\"noopener\"><img loading=\"lazy\" decoding=\"async\" width=\"300\" height=\"168\" src=\"https:\/\/www.europesays.com\/fr\/wp-content\/uploads\/2025\/11\/c50bfd08-5b1a-8330-3208-6b09f65ec82e-300x168.jpg\" class=\"attachment-medium size-medium wp-post-image\" alt=\"\" style=\"\"\/><\/a><a class=\"wp-block-latest-posts__post-title\" href=\"https:\/\/www.info-lux.com\/gerardmer-festival-film-fantastique-2\/actualites\/rubriques\/cinemas\/cinema\/\" target=\"_blank\" rel=\"noopener\">Gerardmer &gt; Festival &gt; Film fantastique<\/a>\n<p>GERARDMER, LE FESTIVAL DU FILM FANTASTIQUE S\u2019ILLUMINE AVEC LA VENUE EXCEPTIONNELLE DE NEIL MARSHALL<\/p>\n<\/li>\n<li><a href=\"https:\/\/www.info-lux.com\/metz-le-sentier-des-lanternes-reportage-photo-2025\/photorep\/\" aria-label=\"METZ &gt; LE SENTIER DES LANTERNES &gt; REPORTAGE &gt; 2025\" target=\"_blank\" rel=\"noopener\"><img loading=\"lazy\" decoding=\"async\" width=\"300\" height=\"200\" src=\"https:\/\/www.europesays.com\/fr\/wp-content\/uploads\/2025\/11\/Metz-le-sentier-des-lanternes-_31-300x200.jpg\" class=\"attachment-medium size-medium wp-post-image\" alt=\"\" style=\"\"\/><\/a><a class=\"wp-block-latest-posts__post-title\" href=\"https:\/\/www.info-lux.com\/metz-le-sentier-des-lanternes-reportage-photo-2025\/photorep\/\" target=\"_blank\" rel=\"noopener\">METZ &gt; LE SENTIER DES LANTERNES &gt; REPORTAGE &gt; 2025<\/a>Le Sentier des Lanternes \u00e0 Metz : Un Spectacle Magique Un rendez-vous enchant\u00e9 pour petits et grands METZ &gt; LE SENTIER DES LANTERNES &gt; REPORTAGE &gt; 2025 Depuis plusieurs ann\u00e9es, Metz\u2026 <a class=\"wp-block-latest-posts__read-more\" href=\"https:\/\/www.info-lux.com\/metz-le-sentier-des-lanternes-reportage-photo-2025\/photorep\/\" rel=\"noopener noreferrer\" target=\"_blank\">Lire la suite\u00a0: METZ &gt; LE SENTIER DES LANTERNES &gt; REPORTAGE &gt; 2025<\/a><\/li>\n<li><a href=\"https:\/\/www.info-lux.com\/amneville-concert-soprano-2\/themes\/\" aria-label=\"AMN\u00c9VILLE &gt; CONCERT &gt; SOPRANO\" target=\"_blank\" rel=\"noopener\"><img loading=\"lazy\" decoding=\"async\" width=\"300\" height=\"201\" src=\"https:\/\/www.europesays.com\/fr\/wp-content\/uploads\/2025\/11\/WEB-SOPRA-JULIEN-05-300x201.jpg\" class=\"attachment-medium size-medium wp-post-image\" alt=\"\" style=\"\"\/><\/a><a class=\"wp-block-latest-posts__post-title\" href=\"https:\/\/www.info-lux.com\/amneville-concert-soprano-2\/themes\/\" target=\"_blank\" rel=\"noopener\">AMN\u00c9VILLE &gt; CONCERT &gt; SOPRANO<\/a>Soprano embrase le Galaxie d\u2019Amn\u00e9ville Le Galaxie d\u2019Amn\u00e9ville a vibr\u00e9, vendredi 14 novembre, au rythme de Soprano et de son \u00e9nergie contagieuse. Devant plusieurs milliers de spectateurs, l\u2019artiste marseillais a livr\u00e9\u2026 <a class=\"wp-block-latest-posts__read-more\" href=\"https:\/\/www.info-lux.com\/amneville-concert-soprano-2\/themes\/\" rel=\"noopener noreferrer\" target=\"_blank\">Lire la suite\u00a0: AMN\u00c9VILLE &gt; CONCERT &gt; SOPRANO<\/a><\/li>\n<li><a href=\"https:\/\/www.info-lux.com\/strasbourg-concert-soprano\/themes\/\" aria-label=\"STRASBOURG &gt; CONCERT &gt; SOPRANO\" target=\"_blank\" rel=\"noopener\"><img loading=\"lazy\" decoding=\"async\" width=\"300\" height=\"200\" src=\"https:\/\/www.europesays.com\/fr\/wp-content\/uploads\/2025\/11\/IMG_3436-300x200.jpeg\" class=\"attachment-medium size-medium wp-post-image\" alt=\"\" style=\"\"\/><\/a><a class=\"wp-block-latest-posts__post-title\" href=\"https:\/\/www.info-lux.com\/strasbourg-concert-soprano\/themes\/\" target=\"_blank\" rel=\"noopener\">STRASBOURG &gt; CONCERT &gt; SOPRANO<\/a>Soprano met le feu au Z\u00e9nith de Strasbourg : show monumental pour son \u00ab\u00a0FREEDOM TOUR\u00a0\u00bb. Le 15 novembre dernier, Soprano a transform\u00e9 le Z\u00e9nith de Strasbourg en une v\u00e9ritable ar\u00e8ne spectaculaire.\u2026 <a class=\"wp-block-latest-posts__read-more\" href=\"https:\/\/www.info-lux.com\/strasbourg-concert-soprano\/themes\/\" rel=\"noopener noreferrer\" target=\"_blank\">Lire la suite\u00a0: STRASBOURG &gt; CONCERT &gt; SOPRANO<\/a><\/li>\n<li><a href=\"https:\/\/www.info-lux.com\/nancy-concert-fave\/themes\/\" aria-label=\"NANCY &gt; CONCERT &gt; FAV\u00c9\" target=\"_blank\" rel=\"noopener\"><img loading=\"lazy\" decoding=\"async\" width=\"300\" height=\"200\" src=\"https:\/\/www.europesays.com\/fr\/wp-content\/uploads\/2025\/11\/IMG_3324-300x200.jpeg\" class=\"attachment-medium size-medium wp-post-image\" alt=\"\" style=\"\"\/><\/a><a class=\"wp-block-latest-posts__post-title\" href=\"https:\/\/www.info-lux.com\/nancy-concert-fave\/themes\/\" target=\"_blank\" rel=\"noopener\">NANCY &gt; CONCERT &gt; FAV\u00c9<\/a>Fav\u00e9 embrase l\u2019autre canal : un concert \u00ab\u00a0pleins phares\u00a0\u00bb \u00e0 Nancy Le 7 novembre, L\u2019Autre Canal affichait presque complet pour accueillir Fav\u00e9, figure montante de la sc\u00e8ne rap fran\u00e7aise. Port\u00e9 par\u2026 <a class=\"wp-block-latest-posts__read-more\" href=\"https:\/\/www.info-lux.com\/nancy-concert-fave\/themes\/\" rel=\"noopener noreferrer\" target=\"_blank\">Lire la suite\u00a0: NANCY &gt; CONCERT &gt; FAV\u00c9<\/a><\/li>\n<li><a href=\"https:\/\/www.info-lux.com\/neuves-maisons-agenda-spectacle-petit-detail\/activite-a-faire-en\/agenda\/\" aria-label=\"NEUVES-MAISONS &gt; AGENDA &gt; SPECTACLE &gt; Petit D\u00e9tail\" target=\"_blank\" rel=\"noopener\"><img loading=\"lazy\" decoding=\"async\" width=\"300\" height=\"200\" src=\"https:\/\/www.europesays.com\/fr\/wp-content\/uploads\/2025\/11\/RougesLesAnges-petit-detail-4-300x200.jpg\" class=\"attachment-medium size-medium wp-post-image\" alt=\"\" style=\"\"\/><\/a><a class=\"wp-block-latest-posts__post-title\" href=\"https:\/\/www.info-lux.com\/neuves-maisons-agenda-spectacle-petit-detail\/activite-a-faire-en\/agenda\/\" target=\"_blank\" rel=\"noopener\">NEUVES-MAISONS &gt; AGENDA &gt; SPECTACLE &gt; Petit D\u00e9tail<\/a>\u201cPetit D\u00e9tail\u201d : un spectacle marionnettique po\u00e9tique \u00e0 Neuves-Maisons \u2013 \u00e0 ne pas manquer en famille ! Une parenth\u00e8se pleine de douceur et de couleur attend les enfants (d\u00e8s 3 ans)\u2026 <a class=\"wp-block-latest-posts__read-more\" href=\"https:\/\/www.info-lux.com\/neuves-maisons-agenda-spectacle-petit-detail\/activite-a-faire-en\/agenda\/\" rel=\"noopener noreferrer\" target=\"_blank\">Lire la suite\u00a0: NEUVES-MAISONS &gt; AGENDA &gt; SPECTACLE &gt; Petit D\u00e9tail<\/a><\/li>\n<li><a href=\"https:\/\/www.info-lux.com\/nancy-concert-trois-cafes-gourmands\/themes\/\" aria-label=\"NANCY &gt; CONCERT &gt; TROIS CAF\u00c9S GOURMANDS\" target=\"_blank\" rel=\"noopener\"><img loading=\"lazy\" decoding=\"async\" width=\"300\" height=\"200\" src=\"https:\/\/www.europesays.com\/fr\/wp-content\/uploads\/2025\/11\/1764148838_425_2LX2912-300x200.jpg\" class=\"attachment-medium size-medium wp-post-image\" alt=\"\" style=\"\"\/><\/a><a class=\"wp-block-latest-posts__post-title\" href=\"https:\/\/www.info-lux.com\/nancy-concert-trois-cafes-gourmands\/themes\/\" target=\"_blank\" rel=\"noopener\">NANCY &gt; CONCERT &gt; TROIS CAF\u00c9S GOURMANDS<\/a>Trois Caf\u00e9s Gourmands ont charm\u00e9 la Salle Poirel de Nancy Un concert chaleureux pour une soir\u00e9e d\u2019Halloween diff\u00e9rente Vendredi 31 octobre 2025, alors que Nancy f\u00eatait Halloween un peu partout en\u2026 <a class=\"wp-block-latest-posts__read-more\" href=\"https:\/\/www.info-lux.com\/nancy-concert-trois-cafes-gourmands\/themes\/\" rel=\"noopener noreferrer\" target=\"_blank\">Lire la suite\u00a0: NANCY &gt; CONCERT &gt; TROIS CAF\u00c9S GOURMANDS<\/a><\/li>\n<li><a href=\"https:\/\/www.info-lux.com\/nancy-showcase-amel-bent-drect-fm\/activite-a-faire-en\/agenda\/\" aria-label=\"NANCY &gt; SHOWCASE &gt; AMEL BENT &gt; D!RECT FM\" target=\"_blank\" rel=\"noopener\"><img loading=\"lazy\" decoding=\"async\" width=\"300\" height=\"200\" src=\"https:\/\/www.europesays.com\/fr\/wp-content\/uploads\/2025\/11\/1764148840_210_2LX_0304-300x200.jpg\" class=\"attachment-medium size-medium wp-post-image\" alt=\"\" style=\"\"\/><\/a><a class=\"wp-block-latest-posts__post-title\" href=\"https:\/\/www.info-lux.com\/nancy-showcase-amel-bent-drect-fm\/activite-a-faire-en\/agenda\/\" target=\"_blank\" rel=\"noopener\">NANCY &gt; SHOWCASE &gt; AMEL BENT &gt; D!RECT FM<\/a>Un showcase tr\u00e8s priv\u00e9 avec D!RECT FM L\u2019\u00e9quipe de D!RECT FM avait d\u00e9j\u00e0 eu le plaisir d\u2019accueillir Amel Bent lors du dernier Muse D!RECT Live. La chanteuse \u00e9tait de retour \u00e0\u2026 <a class=\"wp-block-latest-posts__read-more\" href=\"https:\/\/www.info-lux.com\/nancy-showcase-amel-bent-drect-fm\/activite-a-faire-en\/agenda\/\" rel=\"noopener noreferrer\" target=\"_blank\">Lire la suite\u00a0: NANCY &gt; SHOWCASE &gt; AMEL BENT &gt; D!RECT FM<\/a><\/li>\n<li><a href=\"https:\/\/www.info-lux.com\/nancy-jazz-pulsations-2025\/themes\/\" aria-label=\"NANCY &gt; JAZZ PULSATIONS &gt; 2025\" target=\"_blank\" rel=\"noopener\"><img loading=\"lazy\" decoding=\"async\" width=\"300\" height=\"200\" src=\"https:\/\/www.europesays.com\/fr\/wp-content\/uploads\/2025\/11\/1764148842_895_MAYA_NJP_INFOLUX_-61-300x200.jpg\" class=\"attachment-medium size-medium wp-post-image\" alt=\"\" style=\"\"\/><\/a><a class=\"wp-block-latest-posts__post-title\" href=\"https:\/\/www.info-lux.com\/nancy-jazz-pulsations-2025\/themes\/\" target=\"_blank\" rel=\"noopener\">NANCY &gt; JAZZ PULSATIONS &gt; 2025<\/a>Nancy Jazz Pulsations 2025 \u00e0 la P\u00e9pini\u00e8re Le\u00a0Nancy Jazz Pulsations 2025\u00a0a illumin\u00e9 la cit\u00e9 ducale tout au long du mois d\u2019octobre. Sous le grand\u00a0Chapiteau de la P\u00e9pini\u00e8re, Info-lux a eu la\u2026 <a class=\"wp-block-latest-posts__read-more\" href=\"https:\/\/www.info-lux.com\/nancy-jazz-pulsations-2025\/themes\/\" rel=\"noopener noreferrer\" target=\"_blank\">Lire la suite\u00a0: NANCY &gt; JAZZ PULSATIONS &gt; 2025<\/a><\/li>\n<li><a href=\"https:\/\/www.info-lux.com\/nancy-concert-ridsa\/themes\/cultures\/concerts\/\" aria-label=\"NANCY &gt; CONCERT &gt; RIDSA\" target=\"_blank\" rel=\"noopener\"><img loading=\"lazy\" decoding=\"async\" width=\"300\" height=\"200\" src=\"https:\/\/www.europesays.com\/fr\/wp-content\/uploads\/2025\/11\/IMG_3051-300x200.jpeg\" class=\"attachment-medium size-medium wp-post-image\" alt=\"\" style=\"\"\/><\/a><a class=\"wp-block-latest-posts__post-title\" href=\"https:\/\/www.info-lux.com\/nancy-concert-ridsa\/themes\/cultures\/concerts\/\" target=\"_blank\" rel=\"noopener\">NANCY &gt; CONCERT &gt; RIDSA<\/a>Ridsa enflamme l\u2019Autre Canal de Nancy Le 28 octobre dernier, L\u2019Autre Canal de Nancy a accueilli Ridsa pour une date de son tour \u201cVerano Tour\u201d, devant une salle comble et surchauff\u00e9e.\u2026 <a class=\"wp-block-latest-posts__read-more\" href=\"https:\/\/www.info-lux.com\/nancy-concert-ridsa\/themes\/cultures\/concerts\/\" rel=\"noopener noreferrer\" target=\"_blank\">Lire la suite\u00a0: NANCY &gt; CONCERT &gt; RIDSA<\/a><\/li>\n<li><a href=\"https:\/\/www.info-lux.com\/metz-moselle-incroyables-talents-presentation-2025\/themes\/\" aria-label=\"METZ &gt; MOSELLE INCROYABLES TALENTS &gt; PR\u00c9SENTATION 2025\" target=\"_blank\" rel=\"noopener\"><img loading=\"lazy\" decoding=\"async\" width=\"212\" height=\"300\" src=\"https:\/\/www.europesays.com\/fr\/wp-content\/uploads\/2025\/11\/Affiche_Moselle_Incroyables_Talents_light_page-0001-212x300.jpg\" class=\"attachment-medium size-medium wp-post-image\" alt=\"\" style=\"\"\/><\/a><a class=\"wp-block-latest-posts__post-title\" href=\"https:\/\/www.info-lux.com\/metz-moselle-incroyables-talents-presentation-2025\/themes\/\" target=\"_blank\" rel=\"noopener\">METZ &gt; MOSELLE INCROYABLES TALENTS &gt; PR\u00c9SENTATION 2025<\/a>Moselle Incroyables Talents fait son grand retour aux Ar\u00e8nes de Metz le 29 novembre 2025 Le rendez-vous incontournable de la cr\u00e9ativit\u00e9 et du talent mosellan revient ! Le\u00a0samedi 29 novembre 2025,\u2026 <a class=\"wp-block-latest-posts__read-more\" href=\"https:\/\/www.info-lux.com\/metz-moselle-incroyables-talents-presentation-2025\/themes\/\" rel=\"noopener noreferrer\" target=\"_blank\">Lire la suite\u00a0: METZ &gt; MOSELLE INCROYABLES TALENTS &gt; PR\u00c9SENTATION 2025<\/a><\/li>\n<li><a href=\"https:\/\/www.info-lux.com\/damso-beyah-tour-2026\/actualites\/\" aria-label=\"DAMSO &gt; B\u0112Y\u0100H TOUR 2026\" target=\"_blank\" rel=\"noopener\"><img loading=\"lazy\" decoding=\"async\" width=\"300\" height=\"300\" src=\"https:\/\/www.europesays.com\/fr\/wp-content\/uploads\/2025\/11\/damso-annonce-son-beyah-tour-765097-1200-0-F-300x300.webp.webp\" class=\"attachment-medium size-medium wp-post-image\" alt=\"\" style=\"\"\/><\/a><a class=\"wp-block-latest-posts__post-title\" href=\"https:\/\/www.info-lux.com\/damso-beyah-tour-2026\/actualites\/\" target=\"_blank\" rel=\"noopener\">DAMSO &gt; B\u0112Y\u0100H TOUR 2026<\/a>Damso annonce sa tourn\u00e9e B\u0112Y\u0100H Tour 2026 : un retour monumental sur sc\u00e8ne L\u2019attente est termin\u00e9e :\u00a0Damso\u00a0revient en 2026 avec une tourn\u00e9e internationale d\u2019une ampleur exceptionnelle. Baptis\u00e9e\u00a0B\u0112Y\u0100H Tour, cette nouvelle s\u00e9rie\u2026 <a class=\"wp-block-latest-posts__read-more\" href=\"https:\/\/www.info-lux.com\/damso-beyah-tour-2026\/actualites\/\" rel=\"noopener noreferrer\" target=\"_blank\">Lire la suite\u00a0: DAMSO &gt; B\u0112Y\u0100H TOUR 2026<\/a><\/li>\n<li><a href=\"https:\/\/www.info-lux.com\/interview-greg-zlap\/terville\/\" aria-label=\"INTERVIEW &gt; GREG ZLAP\" target=\"_blank\" rel=\"noopener\"><img loading=\"lazy\" decoding=\"async\" width=\"213\" height=\"300\" src=\"https:\/\/www.europesays.com\/fr\/wp-content\/uploads\/2025\/11\/165035E0-D56A-4EC6-9C73-06625DEE4FB5-213x300.png\" class=\"attachment-medium size-medium wp-post-image\" alt=\"\" style=\"\"\/><\/a><a class=\"wp-block-latest-posts__post-title\" href=\"https:\/\/www.info-lux.com\/interview-greg-zlap\/terville\/\" target=\"_blank\" rel=\"noopener\">INTERVIEW &gt; GREG ZLAP<\/a>Avant le lancement de sa nouvelle tourn\u00e9e au 112 de Terville ce vendredi 7 novembre, Greg Zlap, l\u2019harmoniciste de Johnny Hallyday, a r\u00e9pondu pr\u00e9sent \u00e0 notre invitation et a accept\u00e9 de\u2026 <a class=\"wp-block-latest-posts__read-more\" href=\"https:\/\/www.info-lux.com\/interview-greg-zlap\/terville\/\" rel=\"noopener noreferrer\" target=\"_blank\">Lire la suite\u00a0: INTERVIEW &gt; GREG ZLAP<\/a><\/li>\n<li><a href=\"https:\/\/www.info-lux.com\/metz-grand-open-de-danse-sportive-reportage-2025\/photorep\/\" aria-label=\"METZ &gt; GRAND OPEN DE DANSE SPORTIVE &gt; REPORTAGE &gt; 2025\" target=\"_blank\" rel=\"noopener\"><img loading=\"lazy\" decoding=\"async\" width=\"300\" height=\"200\" src=\"https:\/\/www.europesays.com\/fr\/wp-content\/uploads\/2025\/11\/Grand-open-de-Metz-latines-et-standards-danse-sportive_20-1-300x200.jpg\" class=\"attachment-medium size-medium wp-post-image\" alt=\"\" style=\"\"\/><\/a><a class=\"wp-block-latest-posts__post-title\" href=\"https:\/\/www.info-lux.com\/metz-grand-open-de-danse-sportive-reportage-2025\/photorep\/\" target=\"_blank\" rel=\"noopener\">METZ &gt; GRAND OPEN DE DANSE SPORTIVE &gt; REPORTAGE &gt; 2025<\/a>Grand open de Metz latines et standards, danse sportive,\u00a0 a eu lieu Du 25 au 26 octobre 2025, revient pour une 4e \u00e9dition haute en couleur ! Grand open de Metz\u2026 <a class=\"wp-block-latest-posts__read-more\" href=\"https:\/\/www.info-lux.com\/metz-grand-open-de-danse-sportive-reportage-2025\/photorep\/\" rel=\"noopener noreferrer\" target=\"_blank\">Lire la suite\u00a0: METZ &gt; GRAND OPEN DE DANSE SPORTIVE &gt; REPORTAGE &gt; 2025<\/a><\/li>\n<\/ul>\n<p>L\u2019info en r\u00e9sum\u00e9<\/p>\n<ul class=\"wp-block-list yoast-ai-summarize-list\">\n<li class=\"has-medium-font-size\">Le spectacle One Night of Queen revient \u00e0 Strasbourg avec Gary Mullen, promettant une immersion dans l\u2019esprit de Wembley 1986.<\/li>\n<li class=\"has-medium-font-size\">Gary Mullen, soutenu par la m\u00e8re de Freddie Mercury, incarne avec puissance le rock britannique sur sc\u00e8ne.<\/li>\n<li class=\"has-medium-font-size\">Les fans appr\u00e9cieront les costumes, un light show dynamique et une setlist fid\u00e8le au concert culte.<\/li>\n<li class=\"has-medium-font-size\">La tourn\u00e9e 2025-2027 fait escale \u00e0 Strasbourg, attirant des milliers de spectateurs.<\/li>\n<li class=\"has-medium-font-size\">Le Z\u00e9nith de Strasbourg se transformera en ar\u00e8ne rock pour une soir\u00e9e d\u2019\u00e9nergie et d\u2019\u00e9motions.<\/li>\n<\/ul>\n","protected":false},"excerpt":{"rendered":"\u00c0 Strasbourg, le mythique hommage \u00e0 Queen revient avec un show taill\u00e9 pour enflammer les fans et replonger&hellip;\n","protected":false},"author":2,"featured_media":559623,"comment_status":"","ping_status":"","sticky":false,"template":"","format":"standard","meta":{"footnotes":""},"categories":[2820],"tags":[1111,11,1697,1777,674,1011,27,775,12,67673,25120,25,640],"class_list":{"0":"post-559622","1":"post","2":"type-post","3":"status-publish","4":"format-standard","5":"has-post-thumbnail","7":"category-strasbourg","8":"tag-actu","9":"tag-actualites","10":"tag-concert","11":"tag-eu","12":"tag-europe","13":"tag-fr","14":"tag-france","15":"tag-grand-est","16":"tag-news","17":"tag-one-night-of-queen","18":"tag-queen","19":"tag-republique-francaise","20":"tag-strasbourg"},"share_on_mastodon":{"url":"https:\/\/pubeurope.com\/@fr\/115615269437791317","error":""},"_links":{"self":[{"href":"https:\/\/www.europesays.com\/fr\/wp-json\/wp\/v2\/posts\/559622","targetHints":{"allow":["GET"]}}],"collection":[{"href":"https:\/\/www.europesays.com\/fr\/wp-json\/wp\/v2\/posts"}],"about":[{"href":"https:\/\/www.europesays.com\/fr\/wp-json\/wp\/v2\/types\/post"}],"author":[{"embeddable":true,"href":"https:\/\/www.europesays.com\/fr\/wp-json\/wp\/v2\/users\/2"}],"replies":[{"embeddable":true,"href":"https:\/\/www.europesays.com\/fr\/wp-json\/wp\/v2\/comments?post=559622"}],"version-history":[{"count":0,"href":"https:\/\/www.europesays.com\/fr\/wp-json\/wp\/v2\/posts\/559622\/revisions"}],"wp:featuredmedia":[{"embeddable":true,"href":"https:\/\/www.europesays.com\/fr\/wp-json\/wp\/v2\/media\/559623"}],"wp:attachment":[{"href":"https:\/\/www.europesays.com\/fr\/wp-json\/wp\/v2\/media?parent=559622"}],"wp:term":[{"taxonomy":"category","embeddable":true,"href":"https:\/\/www.europesays.com\/fr\/wp-json\/wp\/v2\/categories?post=559622"},{"taxonomy":"post_tag","embeddable":true,"href":"https:\/\/www.europesays.com\/fr\/wp-json\/wp\/v2\/tags?post=559622"}],"curies":[{"name":"wp","href":"https:\/\/api.w.org\/{rel}","templated":true}]}}