{"id":559626,"date":"2025-11-26T09:23:10","date_gmt":"2025-11-26T09:23:10","guid":{"rendered":"https:\/\/www.europesays.com\/fr\/559626\/"},"modified":"2025-11-26T09:23:10","modified_gmt":"2025-11-26T09:23:10","slug":"voici-tous-les-nouveaux-vols-annonces-pour-2026","status":"publish","type":"post","link":"https:\/\/www.europesays.com\/fr\/559626\/","title":{"rendered":"voici tous les nouveaux vols annonc\u00e9s pour 2026"},"content":{"rendered":"<p>                    Par<br \/>\n        <strong><br \/>\n            <a href=\"https:\/\/actu.fr\/auteur\/ugo-maillard\" title=\"Consulter tous les articles de Ugo Maillard\" target=\"_blank\" rel=\"noopener\">Ugo Maillard<\/a><br \/>\n                    <\/strong><\/p>\n<p>        Publi\u00e9 le<\/p>\n<p>            26 nov. 2025 \u00e0 9h13        <\/p>\n<p>C\u2019est le lot de tous les a\u00e9roports. Chaque ann\u00e9e, les compagnies a\u00e9riennes modifient leur offre au gr\u00e9 de la demande des voyageurs. Du c\u00f4t\u00e9 de l\u2019a\u00e9roport de Nice C\u00f4te d\u2019Azur (<a href=\"https:\/\/actu.fr\/provence-alpes-cote-d-azur\/alpes-maritimes_06\" target=\"_blank\" rel=\"noopener\">Alpes-Maritimes<\/a>), plusieurs <strong>nouvelles liaisons<\/strong> ont \u00e9t\u00e9 indiqu\u00e9es au d\u00e9part de la C\u00f4te d\u2019Azur. La r\u00e9daction d\u2019<a href=\"https:\/\/actu.fr\/nice\/\" target=\"_blank\" rel=\"noopener\">actu Nice<\/a> a list\u00e9 les destinations qui seront in\u00e9dites durant l\u2019ann\u00e9e 2026. Voici les vols qui d\u00e9barquent.<\/p>\n<p>Direction les \u00c9tats-Unis<\/p>\n<p class=\" wall-content\">La compagnie \u00e9tats-unienne, Delta Airlines, lance une nouvelle ligne directe entre l\u2019a\u00e9roport de <a href=\"https:\/\/actu.fr\/provence-alpes-cote-d-azur\/nice_06088\/aeroport-de-nice-delta-airlines-ouvre-une-nouvelle-ligne-vers-cette-grande-ville-americaine_63086983.html\" target=\"_blank\" rel=\"noopener\">Nice et Boston<\/a>. Les premiers vols d\u00e9marreront <strong>\u00e0 partir du 17\u00a0mai 2026<\/strong>. Cette toute nouvelle liaison sera op\u00e9r\u00e9e trois fois par semaine, les mardis, jeudis et samedis.<\/p>\n<p class=\" wall-content\">Au d\u00e9part de Nice, il existe trois autres vols vers les \u00c9tats-Unis\u2009: New-York, Washington, Atlanta et Philadelphie.<\/p>\n<p>easyJet renforce son offre<\/p>\n<p class=\" wall-content\">La compagnie confirme son statut de num\u00e9ro un en termes de vols \u00e0 Nice. <strong>easyJet<\/strong> lancera en 2026 deux nouvelles liaisons. Les deux seront en direction du Royaume-Uni.<\/p>\n<p class=\" wall-content\">\u00c0 partir du 29\u00a0mars 2026, des vols seront affr\u00e9t\u00e9s <a href=\"https:\/\/actu.fr\/provence-alpes-cote-d-azur\/nice_06088\/aeroport-de-nice-easyjet-lance-un-vol-vers-cette-destination-exclusive-des-35-euros_62975395.html\" target=\"_blank\" rel=\"noopener\">en direction de Newcastle<\/a> tous les mardis, jeudi et dimanche. Les billets seront \u00e0 partir de 35\u00a0euros pour un vol aller.<\/p>\n<p class=\" wall-content\">Tr\u00e8s r\u00e9cemment, la c\u00e9l\u00e8bre compagnie low cost a \u00e9galement annonc\u00e9 une <a href=\"https:\/\/actu.fr\/provence-alpes-cote-d-azur\/nice_06088\/aeroport-de-nice-easyjet-lance-une-nouvelle-ligne-vers-le-royaume-uni-des-billets-a-45-euros_63465771.html\" target=\"_blank\" rel=\"noopener\">nouvelle liaison vers Birmingham<\/a>. D\u00e8s le 1er\u00a0mai 2026, deux vols par semaine, les lundis et vendredis, seront op\u00e9r\u00e9s par la compagnie easyJet.<\/p>\n<p>Un changement de compagnie pour Paris<\/p>\n<p class=\" wall-content\">D\u00e8s le 29\u00a0mars 2026, la compagnie <a href=\"https:\/\/actu.fr\/provence-alpes-cote-d-azur\/nice_06088\/aeroport-de-nice-cette-compagnie-lance-des-vols-directs-vers-paris-a-partir-de-45-euros_62608014.html\" target=\"_blank\" rel=\"noopener\">Transavia<\/a> va op\u00e9rer jusqu\u2019\u00e0 huit vols entre Nice et l\u2019a\u00e9roport d\u2019Orly \u00e0 Paris. Ce n\u2019est pas une liaison puisqu\u2019il s\u2019agit d\u2019une transition r\u00e9alis\u00e9e avec l\u2019arr\u00eat d\u00e9finitif des vols Air France entre les deux a\u00e9roports.<\/p>\n<p>Votre r\u00e9gion, votre actu !<\/p>\n<p>Recevez chaque jour les infos qui comptent pour vous.<\/p>\n<p>\t<a href=\"https:\/\/actu.fr\/newsletter\" class=\"ac-btn ac-btn--corner ac-btn--medium ac-btn--blue800\" target=\"_blank\" rel=\"noopener\">S&rsquo;incrire<\/a><\/p>\n<p class=\" wall-content\">La compagnie Transavia fait partie du groupe Air France et vient donc se substituer \u00e0 la compagnie m\u00e8re.<\/p>\n<p>Une liaison vers le Jura\u2009?<\/p>\n<p class=\" wall-content\">Un vol vers Dole (Jura) dans les tuyaux\u2009? Selon nos confr\u00e8res de la <a href=\"https:\/\/actu.fr\/bourgogne-franche-comte\/dole_39198\/une-dizaine-de-destinations-en-vols-charters-accessibles-depuis-laeroport-dole-jura-en-2026_63360485.html\" target=\"_blank\" rel=\"noopener\">Voix du Jura<\/a>, l\u2019a\u00e9roport jurassien songe \u00e0 inaugurer une liaison vers Nice. R\u00e9ponse dans les prochains mois.<\/p>\n<p class=\" wall-content\">Personnalisez votre actualit\u00e9 en ajoutant vos villes et m\u00e9dias en favori avec <a href=\"https:\/\/moncompte.actu.fr\" title=\"D\u00e9couvez Mon Actu\" rel=\"nofollow noopener\" data-trk=\"{&quot;cta&quot;:{&quot;action&quot;:&quot;https:\\\/\\\/moncompte.actu.fr&quot;,&quot;category&quot;:&quot;mon compte&quot;,&quot;from&quot;:&quot;article footer&quot;,&quot;name&quot;:&quot;Mon actu&quot;,&quot;type&quot;:&quot;cta&quot;}}\" target=\"_blank\">Mon Actu<\/a>.<\/p>\n","protected":false},"excerpt":{"rendered":"Par Ugo Maillard Publi\u00e9 le 26 nov. 2025 \u00e0 9h13 C\u2019est le lot de tous les a\u00e9roports. Chaque&hellip;\n","protected":false},"author":2,"featured_media":559627,"comment_status":"","ping_status":"","sticky":false,"template":"","format":"standard","meta":{"footnotes":""},"categories":[2819],"tags":[1111,11,1777,674,1011,27,1305,12,2401,2897,882,25],"class_list":{"0":"post-559626","1":"post","2":"type-post","3":"status-publish","4":"format-standard","5":"has-post-thumbnail","7":"category-nice","8":"tag-actu","9":"tag-actualites","10":"tag-eu","11":"tag-europe","12":"tag-fr","13":"tag-france","14":"tag-lifestyle","15":"tag-news","16":"tag-nice","17":"tag-nice-cote-dazur","18":"tag-provence-alpes-cote-dazur","19":"tag-republique-francaise"},"share_on_mastodon":{"url":"","error":""},"_links":{"self":[{"href":"https:\/\/www.europesays.com\/fr\/wp-json\/wp\/v2\/posts\/559626","targetHints":{"allow":["GET"]}}],"collection":[{"href":"https:\/\/www.europesays.com\/fr\/wp-json\/wp\/v2\/posts"}],"about":[{"href":"https:\/\/www.europesays.com\/fr\/wp-json\/wp\/v2\/types\/post"}],"author":[{"embeddable":true,"href":"https:\/\/www.europesays.com\/fr\/wp-json\/wp\/v2\/users\/2"}],"replies":[{"embeddable":true,"href":"https:\/\/www.europesays.com\/fr\/wp-json\/wp\/v2\/comments?post=559626"}],"version-history":[{"count":0,"href":"https:\/\/www.europesays.com\/fr\/wp-json\/wp\/v2\/posts\/559626\/revisions"}],"wp:featuredmedia":[{"embeddable":true,"href":"https:\/\/www.europesays.com\/fr\/wp-json\/wp\/v2\/media\/559627"}],"wp:attachment":[{"href":"https:\/\/www.europesays.com\/fr\/wp-json\/wp\/v2\/media?parent=559626"}],"wp:term":[{"taxonomy":"category","embeddable":true,"href":"https:\/\/www.europesays.com\/fr\/wp-json\/wp\/v2\/categories?post=559626"},{"taxonomy":"post_tag","embeddable":true,"href":"https:\/\/www.europesays.com\/fr\/wp-json\/wp\/v2\/tags?post=559626"}],"curies":[{"name":"wp","href":"https:\/\/api.w.org\/{rel}","templated":true}]}}