{"id":559628,"date":"2025-11-26T09:24:17","date_gmt":"2025-11-26T09:24:17","guid":{"rendered":"https:\/\/www.europesays.com\/fr\/559628\/"},"modified":"2025-11-26T09:24:17","modified_gmt":"2025-11-26T09:24:17","slug":"lunfp-sensibilise-les-joueuses-de-logc-nice-aux-regles-antidopage","status":"publish","type":"post","link":"https:\/\/www.europesays.com\/fr\/559628\/","title":{"rendered":"L\u2019UNFP sensibilise les joueuses de l\u2019OGC Nice aux r\u00e8gles antidopage &#8211;"},"content":{"rendered":"<p>Post\u00e9 le 26.11.2025 \u00e0 10h08<\/p>\n<p class=\"font-claude-response-body whitespace-normal break-words chapo\">L\u2019UNFP poursuit sa tourn\u00e9e de pr\u00e9vention et de sensibilisation aux r\u00e8gles antidopage. Ce mardi, les joueuses et le staff technique de l\u2019OGC Nice ont b\u00e9n\u00e9fici\u00e9 d\u2019une intervention approfondie, une \u00e9tape essentielle de ce travail de terrain men\u00e9 tout au long de la saison.<\/p>\n<p><img decoding=\"async\" loading=\"lazy\" class=\"alignnone size-large wp-image-70547\" src=\"https:\/\/www.europesays.com\/fr\/wp-content\/uploads\/2025\/11\/AFLD-NICE-1-1024x1024.jpg\" alt=\"\" width=\"1024\" height=\"1024\"  \/><\/p>\n<p class=\"font-claude-response-body whitespace-normal break-words mav\">Une intervention sur mesure<\/p>\n<p class=\"font-claude-response-body whitespace-normal break-words\">Notre d\u00e9l\u00e9gu\u00e9e r\u00e9gionale, Laur\u00e8ne Tresfield, s\u2019est rendue au centre d\u2019entra\u00eenement de l\u2019OGC Nice pour \u00e9changer avec les joueuses et l\u2019ensemble du staff technique. Au c\u0153ur des discussions : les enjeux du respect des r\u00e8gles antidopage et les risques auxquels peuvent \u00eatre confront\u00e9s les professionnels du football au quotidien.<\/p>\n<p><img decoding=\"async\" loading=\"lazy\" class=\"alignnone size-large wp-image-70550\" src=\"https:\/\/www.europesays.com\/fr\/wp-content\/uploads\/2025\/11\/AFLD-NICE-4-1024x1024.jpg\" alt=\"\" width=\"1024\" height=\"1024\"  \/><\/p>\n<p class=\"font-claude-response-body whitespace-normal break-words mav\">Compl\u00e9ments alimentaires, vigilance et automatismes, des points cl\u00e9s<\/p>\n<p class=\"font-claude-response-body whitespace-normal break-words\">Cette session de sensibilisation a permis d\u2019approfondir plusieurs aspects cruciaux :<\/p>\n<ul class=\"[&amp;:not(:last-child)_ul]:pb-1 [&amp;:not(:last-child)_ol]:pb-1 list-disc space-y-2.5 pl-7\">\n<li class=\"whitespace-normal break-words\">Les r\u00e8gles fondamentales en mati\u00e8re d\u2019antidopage et leur application concr\u00e8te<\/li>\n<li class=\"whitespace-normal break-words\">Les dangers li\u00e9s aux compl\u00e9ments alimentaires, souvent sous-estim\u00e9s malgr\u00e9 les risques qu\u2019ils comportent<\/li>\n<li class=\"whitespace-normal break-words\">Les bons r\u00e9flexes \u00e0 adopter pour \u00e9viter toute prise de risque involontaire<\/li>\n<li class=\"whitespace-normal break-words\">L\u2019importance d\u2019une vigilance constante, tout au long de la carri\u00e8re sportive<\/li>\n<\/ul>\n<p class=\"font-claude-response-body whitespace-normal break-words\">Les \u00e9changes, riches et concrets, ont \u00e9t\u00e9 nourris par les nombreuses questions du groupe, renfor\u00e7ant ainsi la culture de pr\u00e9vention indispensable \u00e0 la pratique du haut niveau.<\/p>\n<p><img decoding=\"async\" loading=\"lazy\" class=\"alignnone size-large wp-image-70548\" src=\"https:\/\/www.europesays.com\/fr\/wp-content\/uploads\/2025\/11\/AFLD-NICE-2-1024x1024.jpg\" alt=\"\" width=\"1024\" height=\"1024\"  \/><\/p>\n<p class=\"font-claude-response-body whitespace-normal break-words mav\">Prot\u00e9ger la sant\u00e9, s\u00e9curiser les carri\u00e8res<\/p>\n<p class=\"font-claude-response-body whitespace-normal break-words\">Ces interventions men\u00e9es par l\u2019UNFP tout au long de la saison r\u00e9pondent \u00e0 un objectif clair : accompagner, informer et prot\u00e9ger les joueuses et les joueurs.<\/p>\n<p class=\"font-claude-response-body whitespace-normal break-words\">En leur transmettant les outils et les connaissances n\u00e9cessaires, l\u2019UNFP leur permet d\u2019\u00e9voluer dans un environnement professionnel s\u00fbr et ma\u00eetris\u00e9, pr\u00e9servant ainsi leur sant\u00e9 et leur carri\u00e8re.<\/p>\n<p><strong>Cr\u00e9dit photos : OGC Nice<\/strong><\/p>\n","protected":false},"excerpt":{"rendered":"Post\u00e9 le 26.11.2025 \u00e0 10h08 L\u2019UNFP poursuit sa tourn\u00e9e de pr\u00e9vention et de sensibilisation aux r\u00e8gles antidopage. Ce&hellip;\n","protected":false},"author":2,"featured_media":559629,"comment_status":"","ping_status":"","sticky":false,"template":"","format":"standard","meta":{"footnotes":""},"categories":[2819],"tags":[1111,11,1777,674,1011,27,12,2401,882,25],"class_list":{"0":"post-559628","1":"post","2":"type-post","3":"status-publish","4":"format-standard","5":"has-post-thumbnail","7":"category-nice","8":"tag-actu","9":"tag-actualites","10":"tag-eu","11":"tag-europe","12":"tag-fr","13":"tag-france","14":"tag-news","15":"tag-nice","16":"tag-provence-alpes-cote-dazur","17":"tag-republique-francaise"},"share_on_mastodon":{"url":"https:\/\/pubeurope.com\/@fr\/115615280468617369","error":""},"_links":{"self":[{"href":"https:\/\/www.europesays.com\/fr\/wp-json\/wp\/v2\/posts\/559628","targetHints":{"allow":["GET"]}}],"collection":[{"href":"https:\/\/www.europesays.com\/fr\/wp-json\/wp\/v2\/posts"}],"about":[{"href":"https:\/\/www.europesays.com\/fr\/wp-json\/wp\/v2\/types\/post"}],"author":[{"embeddable":true,"href":"https:\/\/www.europesays.com\/fr\/wp-json\/wp\/v2\/users\/2"}],"replies":[{"embeddable":true,"href":"https:\/\/www.europesays.com\/fr\/wp-json\/wp\/v2\/comments?post=559628"}],"version-history":[{"count":0,"href":"https:\/\/www.europesays.com\/fr\/wp-json\/wp\/v2\/posts\/559628\/revisions"}],"wp:featuredmedia":[{"embeddable":true,"href":"https:\/\/www.europesays.com\/fr\/wp-json\/wp\/v2\/media\/559629"}],"wp:attachment":[{"href":"https:\/\/www.europesays.com\/fr\/wp-json\/wp\/v2\/media?parent=559628"}],"wp:term":[{"taxonomy":"category","embeddable":true,"href":"https:\/\/www.europesays.com\/fr\/wp-json\/wp\/v2\/categories?post=559628"},{"taxonomy":"post_tag","embeddable":true,"href":"https:\/\/www.europesays.com\/fr\/wp-json\/wp\/v2\/tags?post=559628"}],"curies":[{"name":"wp","href":"https:\/\/api.w.org\/{rel}","templated":true}]}}