{"id":559630,"date":"2025-11-26T09:25:14","date_gmt":"2025-11-26T09:25:14","guid":{"rendered":"https:\/\/www.europesays.com\/fr\/559630\/"},"modified":"2025-11-26T09:25:14","modified_gmt":"2025-11-26T09:25:14","slug":"une-manifestation-des-taxis-pres-de-la-gare","status":"publish","type":"post","link":"https:\/\/www.europesays.com\/fr\/559630\/","title":{"rendered":"une manifestation des taxis pr\u00e8s de la gare"},"content":{"rendered":"<p>                    Par<br \/>\n        <strong><br \/>\n            <a href=\"https:\/\/actu.fr\/auteur\/redaction-nantes\" title=\"Consulter tous les articles de R\u00e9daction Nantes\" target=\"_blank\" rel=\"noopener\">R\u00e9daction Nantes<\/a><br \/>\n                    <\/strong><\/p>\n<p>        Publi\u00e9 le<\/p>\n<p>            26 nov. 2025 \u00e0 9h35        <\/p>\n<p><a href=\"https:\/\/www.bison-fute.gouv.fr\/courbes-bouchons,11025.html\" target=\"_blank\" rel=\"noopener\">Bison Fut\u00e9 <\/a>a recens\u00e9 un pic maximal de 50 km de bouchons cumul\u00e9s sur l\u2019ensemble de l\u2019agglom\u00e9ration nantaise, ce mercredi 26 novembre 2025 \u00e0 8h10. \u00c0 9 h 22, 7,5 km de bouchons sont recens\u00e9s sur le p\u00e9riph\u00e9rique.<\/p>\n<p>Les taxis manifestent<\/p>\n<p class=\" wall-content\">En ville, la circulation est plus difficile. Depuis 8 h 30, ce mercredi matin les taxis manifestent dans le secteur de la gare sud, \u00e0 Nantes. Comme signal\u00e9 par <b>Naolib <\/b>sur son compte X (anciennement Twitter), plusieurs lignes de bus sont d\u00e9vi\u00e9es.\u00a0<\/p>\n<p class=\" wall-content\">\n<p class=\" wall-content\">La ligne 5 ne circule pas<b> entre Gare Sud et Berlin<\/b> et effectue son terminus au niveau de la station Berlin. Le terminus de la ligne C2 est report\u00e9 au Quai Malakoff. Les itin\u00e9raires des <b>chronobus C3 et C8 <\/b>sont \u00e9galement d\u00e9vi\u00e9s et report\u00e9 au niveau du Quai Malakoff.\u00a0<\/p>\n<p class=\" wall-content\">Personnalisez votre actualit\u00e9 en ajoutant vos villes et m\u00e9dias en favori avec <a href=\"https:\/\/moncompte.actu.fr\" title=\"D\u00e9couvez Mon Actu\" rel=\"nofollow noopener\" data-trk=\"{&quot;cta&quot;:{&quot;action&quot;:&quot;https:\\\/\\\/moncompte.actu.fr&quot;,&quot;category&quot;:&quot;mon compte&quot;,&quot;from&quot;:&quot;article footer&quot;,&quot;name&quot;:&quot;Mon actu&quot;,&quot;type&quot;:&quot;cta&quot;}}\" target=\"_blank\">Mon Actu<\/a>.<\/p>\n","protected":false},"excerpt":{"rendered":"Par R\u00e9daction Nantes Publi\u00e9 le 26 nov. 2025 \u00e0 9h35 Bison Fut\u00e9 a recens\u00e9 un pic maximal de&hellip;\n","protected":false},"author":2,"featured_media":559631,"comment_status":"","ping_status":"","sticky":false,"template":"","format":"standard","meta":{"footnotes":""},"categories":[2818],"tags":[1111,11,3542,1777,674,1011,27,6151,766,12,2636,4013,25,104],"class_list":{"0":"post-559630","1":"post","2":"type-post","3":"status-publish","4":"format-standard","5":"has-post-thumbnail","7":"category-nantes","8":"tag-actu","9":"tag-actualites","10":"tag-circulation","11":"tag-eu","12":"tag-europe","13":"tag-fr","14":"tag-france","15":"tag-greve","16":"tag-nantes","17":"tag-news","18":"tag-pays-de-la-loire","19":"tag-peripherique","20":"tag-republique-francaise","21":"tag-societe"},"share_on_mastodon":{"url":"https:\/\/pubeurope.com\/@fr\/115615283625904724","error":""},"_links":{"self":[{"href":"https:\/\/www.europesays.com\/fr\/wp-json\/wp\/v2\/posts\/559630","targetHints":{"allow":["GET"]}}],"collection":[{"href":"https:\/\/www.europesays.com\/fr\/wp-json\/wp\/v2\/posts"}],"about":[{"href":"https:\/\/www.europesays.com\/fr\/wp-json\/wp\/v2\/types\/post"}],"author":[{"embeddable":true,"href":"https:\/\/www.europesays.com\/fr\/wp-json\/wp\/v2\/users\/2"}],"replies":[{"embeddable":true,"href":"https:\/\/www.europesays.com\/fr\/wp-json\/wp\/v2\/comments?post=559630"}],"version-history":[{"count":0,"href":"https:\/\/www.europesays.com\/fr\/wp-json\/wp\/v2\/posts\/559630\/revisions"}],"wp:featuredmedia":[{"embeddable":true,"href":"https:\/\/www.europesays.com\/fr\/wp-json\/wp\/v2\/media\/559631"}],"wp:attachment":[{"href":"https:\/\/www.europesays.com\/fr\/wp-json\/wp\/v2\/media?parent=559630"}],"wp:term":[{"taxonomy":"category","embeddable":true,"href":"https:\/\/www.europesays.com\/fr\/wp-json\/wp\/v2\/categories?post=559630"},{"taxonomy":"post_tag","embeddable":true,"href":"https:\/\/www.europesays.com\/fr\/wp-json\/wp\/v2\/tags?post=559630"}],"curies":[{"name":"wp","href":"https:\/\/api.w.org\/{rel}","templated":true}]}}