{"id":559634,"date":"2025-11-26T09:27:12","date_gmt":"2025-11-26T09:27:12","guid":{"rendered":"https:\/\/www.europesays.com\/fr\/559634\/"},"modified":"2025-11-26T09:27:12","modified_gmt":"2025-11-26T09:27:12","slug":"un-festin-du-sud-ouest-a-ne-pas-manquer","status":"publish","type":"post","link":"https:\/\/www.europesays.com\/fr\/559634\/","title":{"rendered":"un festin du Sud-Ouest \u00e0 ne pas manquer"},"content":{"rendered":"\n<p>Chaque ann\u00e9e, la <strong>Foire au Gras Eysines<\/strong> attire les amoureux du terroir, les curieux et les fins gourmets en qu\u00eate de produits authentiques du Sud-Ouest. R\u00e9put\u00e9e comme l\u2019une des plus anciennes foires aux <strong>gras, vins et produits r\u00e9gionaux<\/strong> de Gironde, elle offre une exp\u00e9rience savoureuse et chaleureuse qui m\u00eale d\u00e9couvertes culinaires, animations festives et tradition vivante.<\/p>\n<p> <img loading=\"lazy\" width=\"724\" height=\"1024\" alt=\"affiche 1\" title=\"Foire au Gras Eysines : l\u2019incontournable rendez-vous gourmand du Sud-Ouest 1\"  nitro-lazy- nitro-lazy-src=\"https:\/\/cdn-ilbobfj.nitrocdn.com\/LLQyioEDmPooSUeshdcABKPnDEWJyTwh\/assets\/images\/optimized\/rev-fefab80\/quoifaireabordeaux.com\/wp-content\/uploads\/2025\/11\/affiche-1-724x1024.webp\" class=\"wp-image-18815533 nitro-lazy\" decoding=\"async\" nitro-lazy-empty=\"\" id=\"NDkwOjc4NA==-1\" src=\"data:image\/svg+xml;nitro-empty-id=NDkwOjc4NA==-1;base64,PHN2ZyB2aWV3Qm94PSIwIDAgNzI0IDEwMjQiIHdpZHRoPSI3MjQiIGhlaWdodD0iMTAyNCIgeG1sbnM9Imh0dHA6Ly93d3cudzMub3JnLzIwMDAvc3ZnIj48L3N2Zz4=\"\/> Une Foire au Gras \u00e0 Eysines charg\u00e9e d\u2019histoire et de saveurs <\/p>\n<p>Participer \u00e0 la <strong>foire au gras Eysines<\/strong>, c\u2019est plonger dans un \u00e9v\u00e9nement embl\u00e9matique qui met \u00e0 l\u2019honneur les producteurs du grand Sud-Ouest. Plus de <strong>70 exposants<\/strong> se r\u00e9unissent pour partager leur savoir-faire : foie gras, confits, magrets, volailles festives, mais aussi vins, charcuteries et sp\u00e9cialit\u00e9s r\u00e9gionales.<\/p>\n<p>L\u2019atmosph\u00e8re y est unique : conviviale, g\u00e9n\u00e9reuse, profond\u00e9ment ancr\u00e9e dans l\u2019identit\u00e9 girondine. Ici, on vient sentir, go\u00fbter, comparer, \u00e9changer\u2026 et surtout se r\u00e9galer.<\/p>\n<p> <img loading=\"lazy\" width=\"724\" height=\"1024\" alt=\"vide grenier eysines\" title=\"Foire au Gras Eysines : l\u2019incontournable rendez-vous gourmand du Sud-Ouest 2\"  nitro-lazy- nitro-lazy-src=\"https:\/\/cdn-ilbobfj.nitrocdn.com\/LLQyioEDmPooSUeshdcABKPnDEWJyTwh\/assets\/images\/optimized\/rev-fefab80\/quoifaireabordeaux.com\/wp-content\/uploads\/2025\/11\/affiche-2-724x1024.webp\" class=\"wp-image-18815534 nitro-lazy\" decoding=\"async\" nitro-lazy-empty=\"\" id=\"NTA2OjgxMA==-1\" src=\"data:image\/svg+xml;nitro-empty-id=NTA2OjgxMA==-1;base64,PHN2ZyB2aWV3Qm94PSIwIDAgNzI0IDEwMjQiIHdpZHRoPSI3MjQiIGhlaWdodD0iMTAyNCIgeG1sbnM9Imh0dHA6Ly93d3cudzMub3JnLzIwMDAvc3ZnIj48L3N2Zz4=\"\/> Restaurant maison, buvette &amp; gourmandises : le meilleur du terroir <\/p>\n<p>Pour celles et ceux qui souhaitent profiter pleinement de la <strong>Foire au Gras d\u2019Eysines<\/strong> sans quitter l\u2019ambiance festive, bonne nouvelle : <strong>le restaurant L\u2019Estanquet est ouvert le midi<\/strong> ! Il vous propose un <strong>menu 100% fait maison<\/strong>, id\u00e9al pour savourer une pause gourmande au c\u0153ur de l\u2019\u00e9v\u00e9nement.<\/p>\n<p><strong>Pensez \u00e0 r\u00e9server<\/strong> au <strong>06 20 26 37 70<\/strong> pour garantir votre table \u2014 l\u2019affluence est toujours au rendez-vous pendant la foire !<\/p>\n<p> Une Foire au Gras Eysines associ\u00e9e \u00e0 un grand vide-greniers <\/p>\n<p>Particularit\u00e9 de cette \u00e9dition : la <strong>foire au gras Eysines<\/strong> se d\u00e9roule en m\u00eame temps qu\u2019un <strong>grand vide-greniers d\u2019avant No\u00ebl<\/strong>. Une combinaison id\u00e9ale pour passer une journ\u00e9e compl\u00e8te \u00e0 chiner, d\u00e9couvrir, go\u00fbter et pr\u00e9parer les f\u00eates.<\/p>\n<p>Produits gourmands, id\u00e9es cadeaux, trouvailles uniques\u2026 le m\u00e9lange parfait pour vivre une journ\u00e9e riche et festive, en plein c\u0153ur d\u2019Eysines.<\/p>\n<p> <img loading=\"lazy\" width=\"768\" height=\"1024\" alt=\"&#10;\" title=\"Foire au Gras Eysines : l\u2019incontournable rendez-vous gourmand du Sud-Ouest 3\"  nitro-lazy- nitro-lazy-src=\"https:\/\/cdn-ilbobfj.nitrocdn.com\/LLQyioEDmPooSUeshdcABKPnDEWJyTwh\/assets\/images\/optimized\/rev-fefab80\/quoifaireabordeaux.com\/wp-content\/uploads\/2025\/11\/Non-confirme-551936-768x1024.webp\" class=\"wp-image-18815535 nitro-lazy\" decoding=\"async\" nitro-lazy-empty=\"\" id=\"NTM1OjY0MQ==-1\" src=\"data:image\/svg+xml;nitro-empty-id=NTM1OjY0MQ==-1;base64,PHN2ZyB2aWV3Qm94PSIwIDAgNzY4IDEwMjQiIHdpZHRoPSI3NjgiIGhlaWdodD0iMTAyNCIgeG1sbnM9Imh0dHA6Ly93d3cudzMub3JnLzIwMDAvc3ZnIj48L3N2Zz4=\"\/> Pourquoi ne pas manquer la Foire au Gras Eysines ? <\/p>\n<ul class=\"wp-block-list\">\n<li>Plus de 70 producteurs du Sud-Ouest<\/li>\n<li>Produits r\u00e9gionaux de grande qualit\u00e9<\/li>\n<li>Restaurant fait maison &amp; animations musicales<\/li>\n<li>Ambiance conviviale et authentique<\/li>\n<li>Vide-greniers id\u00e9al pour pr\u00e9parer No\u00ebl<\/li>\n<li>Une des foires au gras les plus anciennes de Gironde<\/li>\n<li\/> <\/ul>\n<p>\ud83d\udc49 En bref : la <strong>foire au gras Eysines<\/strong> est <strong>le<\/strong> rendez-vous gourmand et familial \u00e0 ne pas manquer pour c\u00e9l\u00e9brer les richesses du terroir girondin.<\/p>\n","protected":false},"excerpt":{"rendered":"Chaque ann\u00e9e, la Foire au Gras Eysines attire les amoureux du terroir, les curieux et les fins gourmets&hellip;\n","protected":false},"author":2,"featured_media":559635,"comment_status":"","ping_status":"","sticky":false,"template":"","format":"standard","meta":{"footnotes":""},"categories":[2817],"tags":[1111,11,1997,1777,674,1011,27,12,2219,25],"class_list":{"0":"post-559634","1":"post","2":"type-post","3":"status-publish","4":"format-standard","5":"has-post-thumbnail","7":"category-bordeaux","8":"tag-actu","9":"tag-actualites","10":"tag-bordeaux","11":"tag-eu","12":"tag-europe","13":"tag-fr","14":"tag-france","15":"tag-news","16":"tag-nouvelle-aquitaine","17":"tag-republique-francaise"},"share_on_mastodon":{"url":"https:\/\/pubeurope.com\/@fr\/115615291520099796","error":""},"_links":{"self":[{"href":"https:\/\/www.europesays.com\/fr\/wp-json\/wp\/v2\/posts\/559634","targetHints":{"allow":["GET"]}}],"collection":[{"href":"https:\/\/www.europesays.com\/fr\/wp-json\/wp\/v2\/posts"}],"about":[{"href":"https:\/\/www.europesays.com\/fr\/wp-json\/wp\/v2\/types\/post"}],"author":[{"embeddable":true,"href":"https:\/\/www.europesays.com\/fr\/wp-json\/wp\/v2\/users\/2"}],"replies":[{"embeddable":true,"href":"https:\/\/www.europesays.com\/fr\/wp-json\/wp\/v2\/comments?post=559634"}],"version-history":[{"count":0,"href":"https:\/\/www.europesays.com\/fr\/wp-json\/wp\/v2\/posts\/559634\/revisions"}],"wp:featuredmedia":[{"embeddable":true,"href":"https:\/\/www.europesays.com\/fr\/wp-json\/wp\/v2\/media\/559635"}],"wp:attachment":[{"href":"https:\/\/www.europesays.com\/fr\/wp-json\/wp\/v2\/media?parent=559634"}],"wp:term":[{"taxonomy":"category","embeddable":true,"href":"https:\/\/www.europesays.com\/fr\/wp-json\/wp\/v2\/categories?post=559634"},{"taxonomy":"post_tag","embeddable":true,"href":"https:\/\/www.europesays.com\/fr\/wp-json\/wp\/v2\/tags?post=559634"}],"curies":[{"name":"wp","href":"https:\/\/api.w.org\/{rel}","templated":true}]}}