{"id":559636,"date":"2025-11-26T09:28:15","date_gmt":"2025-11-26T09:28:15","guid":{"rendered":"https:\/\/www.europesays.com\/fr\/559636\/"},"modified":"2025-11-26T09:28:15","modified_gmt":"2025-11-26T09:28:15","slug":"un-homme-meurt-a-scooter-dans-une-collision-a-bordeaux","status":"publish","type":"post","link":"https:\/\/www.europesays.com\/fr\/559636\/","title":{"rendered":"Un homme meurt \u00e0 scooter dans une collision \u00e0 Bordeaux"},"content":{"rendered":"<p>Un homme, qui conduisait un scooter, est d\u00e9c\u00e9d\u00e9 dans la nuit de mardi \u00e0 mercredi apr\u00e8s un choc avec une voiture, quai Richelieu, \u00e0 Bordeaux. Malgr\u00e9 l\u2019intervention rapide des secours, la victime n\u2019a pas pu \u00eatre r\u00e9anim\u00e9e. <\/p>\n<p>\n      La Quotidienne Soci\u00e9t\u00e9\n    <\/p>\n<p>\n      De la vie quotidienne aux grands enjeux, recevez tous les jours les sujets qui font la soci\u00e9t\u00e9 locale, comme la justice, l\u2019\u00e9ducation, la sant\u00e9 et la famille.\n    <\/p>\n<p>    France T\u00e9l\u00e9visions utilise votre adresse e-mail afin de vous envoyer la newsletter \u00ab\u00a0La Quotidienne Soci\u00e9t\u00e9\u00a0\u00bb. Vous pouvez vous d\u00e9sinscrire \u00e0 tout moment via le lien en bas de cette newsletter. <a target=\"_blank\" href=\"https:\/\/www.francetelevisions.fr\/groupe\/confidentialite\/politique-de-confidentialite\/politique-de-confidentialite-de-france-televisions-6503\" rel=\"noopener\">Notre politique de confidentialit\u00e9<\/a><\/p>\n<p>Une collision s\u2019est produite peu apr\u00e8s minuit, dans la nuit de mardi 25 novembre \u00e0 mercredi 26 novembre, sur le quai Richelieu \u00e0 Bordeaux. L&rsquo;accident s&rsquo;est produit au niveau de la Porte de Bourgogne.<\/p>\n<p>Un homme qui circulait \u00e0 scooter a \u00e9t\u00e9 percut\u00e9 par une voiture pour une raison qui reste, \u00e0 ce stade, encore inconnue.<\/p>\n<p>Alert\u00e9s rapidement, les sapeurs-pompiers se sont rendus sur place mais n\u2019ont pas r\u00e9ussi \u00e0 r\u00e9animer la victime. Elle est d\u00e9c\u00e9d\u00e9e sur place.<\/p>\n","protected":false},"excerpt":{"rendered":"Un homme, qui conduisait un scooter, est d\u00e9c\u00e9d\u00e9 dans la nuit de mardi \u00e0 mercredi apr\u00e8s un choc&hellip;\n","protected":false},"author":2,"featured_media":559637,"comment_status":"","ping_status":"","sticky":false,"template":"","format":"standard","meta":{"footnotes":""},"categories":[2817],"tags":[1111,11,1997,1777,674,1011,27,12,2219,25],"class_list":{"0":"post-559636","1":"post","2":"type-post","3":"status-publish","4":"format-standard","5":"has-post-thumbnail","7":"category-bordeaux","8":"tag-actu","9":"tag-actualites","10":"tag-bordeaux","11":"tag-eu","12":"tag-europe","13":"tag-fr","14":"tag-france","15":"tag-news","16":"tag-nouvelle-aquitaine","17":"tag-republique-francaise"},"share_on_mastodon":{"url":"https:\/\/pubeurope.com\/@fr\/115615295420264207","error":""},"_links":{"self":[{"href":"https:\/\/www.europesays.com\/fr\/wp-json\/wp\/v2\/posts\/559636","targetHints":{"allow":["GET"]}}],"collection":[{"href":"https:\/\/www.europesays.com\/fr\/wp-json\/wp\/v2\/posts"}],"about":[{"href":"https:\/\/www.europesays.com\/fr\/wp-json\/wp\/v2\/types\/post"}],"author":[{"embeddable":true,"href":"https:\/\/www.europesays.com\/fr\/wp-json\/wp\/v2\/users\/2"}],"replies":[{"embeddable":true,"href":"https:\/\/www.europesays.com\/fr\/wp-json\/wp\/v2\/comments?post=559636"}],"version-history":[{"count":0,"href":"https:\/\/www.europesays.com\/fr\/wp-json\/wp\/v2\/posts\/559636\/revisions"}],"wp:featuredmedia":[{"embeddable":true,"href":"https:\/\/www.europesays.com\/fr\/wp-json\/wp\/v2\/media\/559637"}],"wp:attachment":[{"href":"https:\/\/www.europesays.com\/fr\/wp-json\/wp\/v2\/media?parent=559636"}],"wp:term":[{"taxonomy":"category","embeddable":true,"href":"https:\/\/www.europesays.com\/fr\/wp-json\/wp\/v2\/categories?post=559636"},{"taxonomy":"post_tag","embeddable":true,"href":"https:\/\/www.europesays.com\/fr\/wp-json\/wp\/v2\/tags?post=559636"}],"curies":[{"name":"wp","href":"https:\/\/api.w.org\/{rel}","templated":true}]}}