{"id":559638,"date":"2025-11-26T09:29:10","date_gmt":"2025-11-26T09:29:10","guid":{"rendered":"https:\/\/www.europesays.com\/fr\/559638\/"},"modified":"2025-11-26T09:29:10","modified_gmt":"2025-11-26T09:29:10","slug":"le-service-est-partiellement-a-larret","status":"publish","type":"post","link":"https:\/\/www.europesays.com\/fr\/559638\/","title":{"rendered":"le service est partiellement \u00e0 l&rsquo;arr\u00eat"},"content":{"rendered":"<p>                    Par<br \/>\n        <strong><br \/>\n            <a href=\"https:\/\/actu.fr\/auteur\/david-saint-sernin\" title=\"Consulter tous les articles de David Saint-Sernin\" target=\"_blank\" rel=\"noopener\">David Saint-Sernin<\/a><br \/>\n                    <\/strong><\/p>\n<p>        Publi\u00e9 le<\/p>\n<p>            26 nov. 2025 \u00e0 9h19<br \/>\n        ; mis \u00e0 jour le 26 nov. 2025 \u00e0 10h21    <\/p>\n<p>Mise \u00e0 jour 10h18. La ligne A du m\u00e9tro est perturb\u00e9e depuis 8h40 ce mercredi matin. Arr\u00eat\u00e9e dans sa totalit\u00e9 entre 8h40 et 9h30, elle est d\u00e9sormais partiellement interrompue entre Balma-Gramont et Jean-Jaur\u00e8s. Cinq stations sont ferm\u00e9es : Balma-Gramont, Argoulets, Roseraie, Jolimont et Marengo-SNCF. La ligne 14 est prolong\u00e9e en ligne A\u2019 entre Marengo et Balma.<\/p>\n<p class=\" wall-content\">Il \u00e9tait 8h40 ce mercredi 26 novembre 2025 quand la ligne A du m\u00e9tro de Toulouse est tomb\u00e9e en panne.<\/p>\n<p>Probl\u00e8me sur une rame<\/p>\n<p class=\" wall-content\">Tr\u00e8s vite, les stations de m\u00e9tro ont \u00e9t\u00e9 bond\u00e9es. \u00ab\u00a0C\u2019est un probl\u00e8me technique sur une rame \u00e0 Marengo, un probl\u00e8me de frein, qui a provoqu\u00e9 cet arr\u00eat du m\u00e9tro\u00a0\u00bb, indique Tiss\u00e9o \u00e0 Actu Toulouse.<\/p>\n<p class=\" wall-content\">Entre 8h40 et 9h, le m\u00e9tro a pu red\u00e9marrer, mais en mode d\u00e9grad\u00e9, avec des arr\u00eats de longue dur\u00e9e en station.<\/p>\n<p>Panne en cours<\/p>\n<p class=\" wall-content\">Puis, la ligne a \u00e9t\u00e9 une nouvelle fois arr\u00eat\u00e9e vers 9h10. La panne est toujours en cours \u00e0 9h25.<\/p>\n<p class=\" wall-content\">Un service provisoire est mis en place entre Basso-Cambo et Jean-Jaur\u00e8s.<\/p>\n<p class=\" wall-content\">Personnalisez votre actualit\u00e9 en ajoutant vos villes et m\u00e9dias en favori avec <a href=\"https:\/\/moncompte.actu.fr\" title=\"D\u00e9couvez Mon Actu\" rel=\"nofollow noopener\" data-trk=\"{&quot;cta&quot;:{&quot;action&quot;:&quot;https:\\\/\\\/moncompte.actu.fr&quot;,&quot;category&quot;:&quot;mon compte&quot;,&quot;from&quot;:&quot;article footer&quot;,&quot;name&quot;:&quot;Mon actu&quot;,&quot;type&quot;:&quot;cta&quot;}}\" target=\"_blank\">Mon Actu<\/a>.<\/p>\n","protected":false},"excerpt":{"rendered":"Par David Saint-Sernin Publi\u00e9 le 26 nov. 2025 \u00e0 9h19 ; mis \u00e0 jour le 26 nov. 2025&hellip;\n","protected":false},"author":2,"featured_media":559639,"comment_status":"","ping_status":"","sticky":false,"template":"","format":"standard","meta":{"footnotes":""},"categories":[2816],"tags":[1111,11,1777,674,1011,27,10596,12,2680,25,104,2312],"class_list":{"0":"post-559638","1":"post","2":"type-post","3":"status-publish","4":"format-standard","5":"has-post-thumbnail","7":"category-toulouse","8":"tag-actu","9":"tag-actualites","10":"tag-eu","11":"tag-europe","12":"tag-fr","13":"tag-france","14":"tag-metro-de-toulouse","15":"tag-news","16":"tag-occitanie","17":"tag-republique-francaise","18":"tag-societe","19":"tag-toulouse"},"share_on_mastodon":{"url":"https:\/\/pubeurope.com\/@fr\/115615299324228772","error":""},"_links":{"self":[{"href":"https:\/\/www.europesays.com\/fr\/wp-json\/wp\/v2\/posts\/559638","targetHints":{"allow":["GET"]}}],"collection":[{"href":"https:\/\/www.europesays.com\/fr\/wp-json\/wp\/v2\/posts"}],"about":[{"href":"https:\/\/www.europesays.com\/fr\/wp-json\/wp\/v2\/types\/post"}],"author":[{"embeddable":true,"href":"https:\/\/www.europesays.com\/fr\/wp-json\/wp\/v2\/users\/2"}],"replies":[{"embeddable":true,"href":"https:\/\/www.europesays.com\/fr\/wp-json\/wp\/v2\/comments?post=559638"}],"version-history":[{"count":0,"href":"https:\/\/www.europesays.com\/fr\/wp-json\/wp\/v2\/posts\/559638\/revisions"}],"wp:featuredmedia":[{"embeddable":true,"href":"https:\/\/www.europesays.com\/fr\/wp-json\/wp\/v2\/media\/559639"}],"wp:attachment":[{"href":"https:\/\/www.europesays.com\/fr\/wp-json\/wp\/v2\/media?parent=559638"}],"wp:term":[{"taxonomy":"category","embeddable":true,"href":"https:\/\/www.europesays.com\/fr\/wp-json\/wp\/v2\/categories?post=559638"},{"taxonomy":"post_tag","embeddable":true,"href":"https:\/\/www.europesays.com\/fr\/wp-json\/wp\/v2\/tags?post=559638"}],"curies":[{"name":"wp","href":"https:\/\/api.w.org\/{rel}","templated":true}]}}