{"id":559642,"date":"2025-11-26T09:31:12","date_gmt":"2025-11-26T09:31:12","guid":{"rendered":"https:\/\/www.europesays.com\/fr\/559642\/"},"modified":"2025-11-26T09:31:12","modified_gmt":"2025-11-26T09:31:12","slug":"marche-de-noel-a-wavrin-le-samedi-29-novembre-2025","status":"publish","type":"post","link":"https:\/\/www.europesays.com\/fr\/559642\/","title":{"rendered":"March\u00e9 de No\u00ebl \u00e0 Wavrin le samedi 29 novembre 2025"},"content":{"rendered":"<p>  2\u00e9me march\u00e9 de no\u00ebl des serres d&rsquo;AntoineLes serres d&rsquo;Antoine 115 rue JB Lebas 59136 Wavrin<br \/>Le samedi 29 et le dimanche 30 novembre 2025 de 9h00 \u00e0 18h00Plongez dans un univers f\u00e9erique sous les serres illumin\u00e9es et d\u00e9cor\u00e9es pour l&rsquo;occasion. Ce march\u00e9 de no\u00ebl se distingue par son ambiance chaleureuse et couverte, parfait pour fl\u00e2ner m\u00eame par temps froid.<\/p>\n<p>Vous pourrez retrouver plus de 50 exposants :<br \/>artisans et cr\u00e9ateurs : bijoux, bougies, cosm\u00e9tiques, objet en bois textiles, d\u00e9corations,&#8230;<br \/>des id\u00e9es cadeaux pour toutes la famille et pour tout les budgets<br \/>restaurations et gourmandises : restauration sur place \u00e0 toutes heures de la journ\u00e9e, mais \u00e9galement \u00e0 emporter<br \/>atelier d\u00e9coration de no\u00ebl pour les enfants (payant)<br \/>sapins de no\u00ebl et jacinthes<\/p>\n<p>Le p\u00e8re no\u00ebl \u00e0 pr\u00e9vu de nous rendre visite, mais chut c&rsquo;est un secret<\/p>\n<p>Parking et entr\u00e9e gratuite<\/p>\n","protected":false},"excerpt":{"rendered":"2\u00e9me march\u00e9 de no\u00ebl des serres d&rsquo;AntoineLes serres d&rsquo;Antoine 115 rue JB Lebas 59136 WavrinLe samedi 29 et&hellip;\n","protected":false},"author":2,"featured_media":559643,"comment_status":"","ping_status":"","sticky":false,"template":"","format":"standard","meta":{"footnotes":""},"categories":[2815],"tags":[1111,11,1777,674,1011,27,811,1307,12,25],"class_list":{"0":"post-559642","1":"post","2":"type-post","3":"status-publish","4":"format-standard","5":"has-post-thumbnail","7":"category-lille","8":"tag-actu","9":"tag-actualites","10":"tag-eu","11":"tag-europe","12":"tag-fr","13":"tag-france","14":"tag-hauts-de-france","15":"tag-lille","16":"tag-news","17":"tag-republique-francaise"},"share_on_mastodon":{"url":"https:\/\/pubeurope.com\/@fr\/115615307108134781","error":""},"_links":{"self":[{"href":"https:\/\/www.europesays.com\/fr\/wp-json\/wp\/v2\/posts\/559642","targetHints":{"allow":["GET"]}}],"collection":[{"href":"https:\/\/www.europesays.com\/fr\/wp-json\/wp\/v2\/posts"}],"about":[{"href":"https:\/\/www.europesays.com\/fr\/wp-json\/wp\/v2\/types\/post"}],"author":[{"embeddable":true,"href":"https:\/\/www.europesays.com\/fr\/wp-json\/wp\/v2\/users\/2"}],"replies":[{"embeddable":true,"href":"https:\/\/www.europesays.com\/fr\/wp-json\/wp\/v2\/comments?post=559642"}],"version-history":[{"count":0,"href":"https:\/\/www.europesays.com\/fr\/wp-json\/wp\/v2\/posts\/559642\/revisions"}],"wp:featuredmedia":[{"embeddable":true,"href":"https:\/\/www.europesays.com\/fr\/wp-json\/wp\/v2\/media\/559643"}],"wp:attachment":[{"href":"https:\/\/www.europesays.com\/fr\/wp-json\/wp\/v2\/media?parent=559642"}],"wp:term":[{"taxonomy":"category","embeddable":true,"href":"https:\/\/www.europesays.com\/fr\/wp-json\/wp\/v2\/categories?post=559642"},{"taxonomy":"post_tag","embeddable":true,"href":"https:\/\/www.europesays.com\/fr\/wp-json\/wp\/v2\/tags?post=559642"}],"curies":[{"name":"wp","href":"https:\/\/api.w.org\/{rel}","templated":true}]}}