{"id":559644,"date":"2025-11-26T09:33:43","date_gmt":"2025-11-26T09:33:43","guid":{"rendered":"https:\/\/www.europesays.com\/fr\/559644\/"},"modified":"2025-11-26T09:33:43","modified_gmt":"2025-11-26T09:33:43","slug":"un-an-apres-sa-reouverture-ce-musee-du-nord-affiche-deja-des-records-daffluence","status":"publish","type":"post","link":"https:\/\/www.europesays.com\/fr\/559644\/","title":{"rendered":"Un an apr\u00e8s sa r\u00e9ouverture, ce mus\u00e9e du Nord affiche d\u00e9j\u00e0 des records d\u2019affluence"},"content":{"rendered":"<p>                    Par<br \/>\n        <strong><br \/>\n            <a href=\"https:\/\/actu.fr\/auteur\/amandine-vachez\" title=\"Consulter tous les articles de Amandine Vachez\" target=\"_blank\" rel=\"noopener\">Amandine Vachez<\/a><br \/>\n                    <\/strong><\/p>\n<p>        Publi\u00e9 le<\/p>\n<p>            25 nov. 2025 \u00e0 7h58        <\/p>\n<p>La <a href=\"https:\/\/actu.fr\/loisirs-culture\" target=\"_blank\" rel=\"noopener\">culture<\/a> attire, la culture passionne. Et elle a part belle dans le <a href=\"https:\/\/actu.fr\/hauts-de-france\/nord_59\" target=\"_blank\" rel=\"noopener\">Nord<\/a>, avec une offre diversifi\u00e9e. Un des chantiers mus\u00e9aux marquants de ces derni\u00e8res ann\u00e9es a \u00e9t\u00e9 la<b> r\u00e9fection du mus\u00e9e Matisse<\/b>, du <b><a href=\"https:\/\/actu.fr\/hauts-de-france\/le-cateau-cambresis_59136\" target=\"_blank\" rel=\"noopener\">Cateau-Cambr\u00e9sis<\/a>.<\/b> Pour l\u2019<b>anniversaire de sa r\u00e9ouverture<\/b>, le 22\u00a0novembre, le D\u00e9partement du Nord annonce qu\u2019<b>en un an<\/b>, le mus\u00e9e a enregistr\u00e9 des<b> records d\u2019affluence\u2009!<\/b><\/p>\n<p>Plus grand de 1\u2009000\u00a0m2, pour un budget de 13\u00a0millions d\u2019euros<\/p>\n<p class=\" wall-content\">Ses collages, peintures et sculptures singuliers sont connus bien au-del\u00e0 de la France, et de son Nord natal. <a href=\"https:\/\/actu.fr\/hauts-de-france\/lille_59350\/lille-matisse-braekman-mis-lhonneur-palais-beaux-arts_19255584.html\" target=\"_blank\" rel=\"noopener\">Henri Matisse<\/a> a donn\u00e9 son nom \u00e0 un mus\u00e9e, au Cateau-Cambr\u00e9sis, commune dont l\u2019artiste est originaire. Il y a un an, le 22\u00a0novembre 2024 pr\u00e9cis\u00e9ment, Christian Poiret, pr\u00e9sident du D\u00e9partement du Nord, ouvrait au public les portes du lieu\u00a0<a href=\"https:\/\/actu.fr\/hauts-de-france\/le-cateau-cambresis_59136\/apres-les-travaux-dagrandissement-matisse-de-retour-chez-lui-en-son-musee-du-cateau-cambresis_61977808.html\" target=\"_blank\" rel=\"noopener\">renouvel\u00e9 et agrandi<\/a> de 1\u2009000\u00a0m\u00e8tres carr\u00e9s, pour un montant total des <a href=\"https:\/\/actu.fr\/hauts-de-france\/le-cateau-cambresis_59136\/ces-deux-oeuvres-exceptionnelles-seront-reunies-dans-le-nord-pour-la-reouverture-du-musee-matisse_61085578.html\" target=\"_blank\" rel=\"noopener\">travaux<\/a> s\u2019\u00e9levant \u00e0 13\u00a0millions d\u2019euros.<\/p>\n<p class=\" wall-content\">Et apparemment la <b>nouvelle version du mus\u00e9e<\/b>, dont la sc\u00e9nographie totalement repens\u00e9e, \u00ab\u2009plus fluide, immersive et engageante\u2009\u00bb comme le d\u00e9crit le D\u00e9partement du Nord, est pl\u00e9biscit\u00e9e par le public.<\/p>\n<p class=\" wall-content\">Le pr\u00e9sident du D\u00e9partement est fier d\u2019annoncer, qu\u2019un an apr\u00e8s sa r\u00e9ouverture, \u00ab<b>\u200978\u2009000\u00a0visiteurs ont \u00e9t\u00e9 accueillis<\/b> soit <b>plus du double qu\u2019en 2022\u2009! <\/b>Le pari est gagn\u00e9 pour les habitants, h\u00e9ritiers de l\u2019\u0153uvre d\u2019Henri Matisse, pour le dynamisme \u00e9conomique du Cambr\u00e9sis et pour le rayonnement du mus\u00e9e et du Nord \u00e0 l\u2019international\u2009!\u2009\u00bb Ce qui ne manque pas, \u00e0 c\u00f4t\u00e9, de<b> dynamiser l\u2019\u00e9conomie locale.<\/b><\/p>\n<p>Deux expositions majeures attendues en 2026<\/p>\n<p class=\" wall-content\">\u00ab\u2009Le mus\u00e9e d\u00e9partemental Henri Matisse, fond\u00e9 en 1952 par l\u2019artiste dans sa ville natale du Cateau-Cambr\u00e9sis, se situe dans un ancien palais \u00e9piscopal du XVIIIe\u00a0si\u00e8cle. Il abrite<b> l\u2019une des plus importantes collections Matisse au monde<\/b> et propose un parcours o\u00f9 dialoguent peintures, sculptures, dessins, gravures et papiers d\u00e9coup\u00e9s\u2009\u00bb, retrace le D\u00e9partement.<\/p>\n<p class=\" wall-content\">Des expositions temporaires sont r\u00e9guli\u00e8rement propos\u00e9es. En ce moment carte blanche est donn\u00e9e \u00e0 l\u2019artiste Ursula Caruel (jusqu\u2019au 12\u00a0janvier 2026).<\/p>\n<p>Votre r\u00e9gion, votre actu !<\/p>\n<p>Recevez chaque jour les infos qui comptent pour vous.<\/p>\n<p>\t<a href=\"https:\/\/actu.fr\/newsletter\" class=\"ac-btn ac-btn--corner ac-btn--medium ac-btn--blue800\" target=\"_blank\" rel=\"noopener\">S&rsquo;incrire<\/a><\/p>\n<p class=\" wall-content\">En 2026, deux expositions majeures sont attendues\u2009: \u00ab\u2009Photosensible\u2009\u00bb, qui d\u00e9voilera pour la premi\u00e8re fois le fonds photographique du mus\u00e9e compos\u00e9 de chefs-d\u2019\u0153uvre du XXe\u00a0si\u00e8cle, ainsi qu\u2019une exposition d\u2019\u0153uvres de Fernand L\u00e9ger.<\/p>\n<p class=\" wall-content\">La nouvelle version du mus\u00e9e Matisse participe ainsi au rayonnement du territoire. L\u2019\u00e9tablissement contribue \u00ab\u2009largement au d\u00e9veloppement de l\u2019offre culturelle dans le Nord en portant le <b>nombre total de visiteurs dans les mus\u00e9es d\u00e9partementaux<\/b> <b>\u00e0 plus de 270\u2009000<\/b> en 2025\u2009\u00bb, pr\u00e9cise le D\u00e9partement. Chapeau, les artistes\u2009!<\/p>\n<p class=\" wall-content\">Personnalisez votre actualit\u00e9 en ajoutant vos villes et m\u00e9dias en favori avec <a href=\"https:\/\/moncompte.actu.fr\" title=\"D\u00e9couvez Mon Actu\" rel=\"nofollow noopener\" data-trk=\"{&quot;cta&quot;:{&quot;action&quot;:&quot;https:\\\/\\\/moncompte.actu.fr&quot;,&quot;category&quot;:&quot;mon compte&quot;,&quot;from&quot;:&quot;article footer&quot;,&quot;name&quot;:&quot;Mon actu&quot;,&quot;type&quot;:&quot;cta&quot;}}\" target=\"_blank\">Mon Actu<\/a>.<\/p>\n","protected":false},"excerpt":{"rendered":"Par Amandine Vachez Publi\u00e9 le 25 nov. 2025 \u00e0 7h58 La culture attire, la culture passionne. Et elle&hellip;\n","protected":false},"author":2,"featured_media":559645,"comment_status":"","ping_status":"","sticky":false,"template":"","format":"standard","meta":{"footnotes":""},"categories":[2815],"tags":[1111,11,1777,674,1011,27,811,1307,1652,12,25],"class_list":{"0":"post-559644","1":"post","2":"type-post","3":"status-publish","4":"format-standard","5":"has-post-thumbnail","7":"category-lille","8":"tag-actu","9":"tag-actualites","10":"tag-eu","11":"tag-europe","12":"tag-fr","13":"tag-france","14":"tag-hauts-de-france","15":"tag-lille","16":"tag-loisirs-culture","17":"tag-news","18":"tag-republique-francaise"},"share_on_mastodon":{"url":"https:\/\/pubeurope.com\/@fr\/115615314964495939","error":""},"_links":{"self":[{"href":"https:\/\/www.europesays.com\/fr\/wp-json\/wp\/v2\/posts\/559644","targetHints":{"allow":["GET"]}}],"collection":[{"href":"https:\/\/www.europesays.com\/fr\/wp-json\/wp\/v2\/posts"}],"about":[{"href":"https:\/\/www.europesays.com\/fr\/wp-json\/wp\/v2\/types\/post"}],"author":[{"embeddable":true,"href":"https:\/\/www.europesays.com\/fr\/wp-json\/wp\/v2\/users\/2"}],"replies":[{"embeddable":true,"href":"https:\/\/www.europesays.com\/fr\/wp-json\/wp\/v2\/comments?post=559644"}],"version-history":[{"count":0,"href":"https:\/\/www.europesays.com\/fr\/wp-json\/wp\/v2\/posts\/559644\/revisions"}],"wp:featuredmedia":[{"embeddable":true,"href":"https:\/\/www.europesays.com\/fr\/wp-json\/wp\/v2\/media\/559645"}],"wp:attachment":[{"href":"https:\/\/www.europesays.com\/fr\/wp-json\/wp\/v2\/media?parent=559644"}],"wp:term":[{"taxonomy":"category","embeddable":true,"href":"https:\/\/www.europesays.com\/fr\/wp-json\/wp\/v2\/categories?post=559644"},{"taxonomy":"post_tag","embeddable":true,"href":"https:\/\/www.europesays.com\/fr\/wp-json\/wp\/v2\/tags?post=559644"}],"curies":[{"name":"wp","href":"https:\/\/api.w.org\/{rel}","templated":true}]}}