{"id":559649,"date":"2025-11-26T09:37:18","date_gmt":"2025-11-26T09:37:18","guid":{"rendered":"https:\/\/www.europesays.com\/fr\/559649\/"},"modified":"2025-11-26T09:37:18","modified_gmt":"2025-11-26T09:37:18","slug":"les-pompiers-deposent-leur-preavis-de-greve-en-pleine-fete-des-lumieres","status":"publish","type":"post","link":"https:\/\/www.europesays.com\/fr\/559649\/","title":{"rendered":"les pompiers d\u00e9posent leur pr\u00e9avis de gr\u00e8ve en pleine F\u00eate des Lumi\u00e8res"},"content":{"rendered":"<p>Vont-ils \u00e0 nouveau marquer les esprits\u00a0?<\/p>\n<p>En 2024 d\u00e9j\u00e0, les pompiers du Sdmis avaient affich\u00e9<a href=\"https:\/\/www.leprogres.fr\/social\/2024\/12\/05\/les-pompiers-affichent-leur-greve-en-grand-sur-la-tour-incity-et-la-basilique-de-fourviere\" target=\"_blank\" rel=\"noopener\"> leurs revendications en grand format pendant la F\u00eate des Lumi\u00e8res<\/a>. Projections sur la basilique de Fourvi\u00e8re et tour inCity, banderole g\u00e9ante \u00e0 proximit\u00e9 de l\u2019H\u00f4tel de Ville ou encore immolation factice par le feu de manifestants\u00a0: l\u2019action avait frapp\u00e9 et recueilli un soutien appuy\u00e9 de la population.<\/p>\n<p>  \u00ab\u00a0Des id\u00e9es pour faire plus fort que l\u2019an dernier, on en a plein\u00a0\u00bb<\/p>\n<p>Que vont-ils donc pr\u00e9parer cette ann\u00e9e\u00a0? \u00ab\u00a0Ce que je peux vous dire, c\u2019est que des id\u00e9es pour faire plus fort que l\u2019an dernier, on en a plein\u00a0\u00bb, lan\u00e7ait R\u00e9my Chabbouh, pompier, secr\u00e9taire national du SUD-SDMIS, le 17 novembre lors d\u2019un rassemblement d\u2019une centaine de pompiers gr\u00e9vistes devant la M\u00e9tropole et le D\u00e9partement. Depuis, leurs revendications, qui portent essentiellement sur les effectifs, les conditions de travail et la revalorisation salariale, n\u2019ont, semble-t-il, pas \u00e9t\u00e9 entendues.<\/p>\n<p>  \u00ab\u00a0Plusieurs r\u00e9unions, aucune avanc\u00e9e\u00a0\u00bb<\/p>\n<p>Ce mercredi, le syndicat SUD a ainsi lanc\u00e9 un pr\u00e9avis de gr\u00e8ve reconductible tous les jours \u00e0 compter du 4 au 9 d\u00e9cembre. Les v\u00e9hicules seront marqu\u00e9s \u00ab\u00a0En gr\u00e8ve\u00a0\u00bb afin de rendre visible la col\u00e8re des pompiers et des manifestations seront organis\u00e9es les 5 et 8 d\u00e9cembre en soir\u00e9e.<\/p>\n<p>\u00ab\u00a0Plusieurs r\u00e9unions, aucune avanc\u00e9e\u00a0\u00bb, \u00ab\u00a09 mois de n\u00e9gociations sans r\u00e9sultat\u00a0\u00bb, \u00ab\u00a0inacceptable\u00a0\u00bb, \u00e9crit, dans son appel, le syndicat qui esp\u00e8re obtenir un accord avec les collectivit\u00e9s et \u00e9viter la gr\u00e8ve. En attendant, les pompiers promettent d\u2019\u00e9clairer l\u2019opinion publique\u00a0: \u00ab\u00a0On vous doit la lumi\u00e8re\u00a0\u00bb, dit SUD. \u00c7a promet.<\/p>\n","protected":false},"excerpt":{"rendered":"Vont-ils \u00e0 nouveau marquer les esprits\u00a0? En 2024 d\u00e9j\u00e0, les pompiers du Sdmis avaient affich\u00e9 leurs revendications en&hellip;\n","protected":false},"author":2,"featured_media":559650,"comment_status":"","ping_status":"","sticky":false,"template":"","format":"standard","meta":{"footnotes":""},"categories":[1889],"tags":[1111,11,2430,2757,1777,674,274,48836,107,1011,27,2428,12,25,2429,801],"class_list":{"0":"post-559649","1":"post","2":"type-post","3":"status-publish","4":"format-standard","5":"has-post-thumbnail","7":"category-lyon","8":"tag-actu","9":"tag-actualites","10":"tag-auvergne-rhone-alpes","11":"tag-edition-lyon-villeurbanne","12":"tag-eu","13":"tag-europe","14":"tag-faits-divers-justice","15":"tag-fete-des-lumieres","16":"tag-fil-info","17":"tag-fr","18":"tag-france","19":"tag-lyon","20":"tag-news","21":"tag-republique-francaise","22":"tag-rhone","23":"tag-social"},"share_on_mastodon":{"url":"https:\/\/pubeurope.com\/@fr\/115615330790929845","error":""},"_links":{"self":[{"href":"https:\/\/www.europesays.com\/fr\/wp-json\/wp\/v2\/posts\/559649","targetHints":{"allow":["GET"]}}],"collection":[{"href":"https:\/\/www.europesays.com\/fr\/wp-json\/wp\/v2\/posts"}],"about":[{"href":"https:\/\/www.europesays.com\/fr\/wp-json\/wp\/v2\/types\/post"}],"author":[{"embeddable":true,"href":"https:\/\/www.europesays.com\/fr\/wp-json\/wp\/v2\/users\/2"}],"replies":[{"embeddable":true,"href":"https:\/\/www.europesays.com\/fr\/wp-json\/wp\/v2\/comments?post=559649"}],"version-history":[{"count":0,"href":"https:\/\/www.europesays.com\/fr\/wp-json\/wp\/v2\/posts\/559649\/revisions"}],"wp:featuredmedia":[{"embeddable":true,"href":"https:\/\/www.europesays.com\/fr\/wp-json\/wp\/v2\/media\/559650"}],"wp:attachment":[{"href":"https:\/\/www.europesays.com\/fr\/wp-json\/wp\/v2\/media?parent=559649"}],"wp:term":[{"taxonomy":"category","embeddable":true,"href":"https:\/\/www.europesays.com\/fr\/wp-json\/wp\/v2\/categories?post=559649"},{"taxonomy":"post_tag","embeddable":true,"href":"https:\/\/www.europesays.com\/fr\/wp-json\/wp\/v2\/tags?post=559649"}],"curies":[{"name":"wp","href":"https:\/\/api.w.org\/{rel}","templated":true}]}}