{"id":559651,"date":"2025-11-26T09:38:23","date_gmt":"2025-11-26T09:38:23","guid":{"rendered":"https:\/\/www.europesays.com\/fr\/559651\/"},"modified":"2025-11-26T09:38:23","modified_gmt":"2025-11-26T09:38:23","slug":"aucune-avancee-les-pompiers-seront-de-nouveau-en-greve-en-pleine-fete-des-lumieres-a-lyon","status":"publish","type":"post","link":"https:\/\/www.europesays.com\/fr\/559651\/","title":{"rendered":"\u00ab\u00a0Aucune avanc\u00e9e\u00a0\u00bb :\u00a0les pompiers seront de nouveau en gr\u00e8ve en pleine F\u00eate des Lumi\u00e8res \u00e0 Lyon"},"content":{"rendered":"<p>Le syndicat SUD du SDMIS a annonc\u00e9 ce mercredi \u00ab\u00a0un pr\u00e9avis de gr\u00e8ve reconductible tous les jours \u00e0 compter du 4 au 9 d\u00e9cembre.\u00a0\u00bb Un mouvement qui interviendra en pleine F\u00eate des Lumi\u00e8res, p\u00e9riode d\u00e9j\u00e0 marqu\u00e9e l\u2019an dernier par une premi\u00e8re d\u00e9monstration de m\u00e9contentement. Cette ann\u00e9e encore, les pompiers affirment qu\u2019aucun progr\u00e8s n\u2019a \u00e9t\u00e9 enregistr\u00e9. Le communiqu\u00e9 est sans d\u00e9tour : \u00ab\u00a0Malgr\u00e9 cette d\u00e9monstration de force et plusieurs r\u00e9unions, aucune avanc\u00e9e.\u00a0\u00bb<\/p>\n<p>Le syndicat estime que les discussions patinent depuis des mois. Il rappelle que \u00ab\u00a09 mois de &lsquo;n\u00e9gociations&rsquo; sans r\u00e9sultat\u00a0\u00bb se sont \u00e9coul\u00e9s et que \u00ab\u00a0300 euros brut de PICPS soit 240 euros net sont nettement insuffisants au regard des attentes de L\u2019ENSEMBLE des agents du SDMIS.\u00a0\u00bb Le communiqu\u00e9 souligne \u00e9galement une attente persistante : \u00ab\u00a0Toujours en attente de r\u00e9ponse sur le respect du RO (R\u00e8glement Op\u00e9rationnel, ndlr).\u00a0\u00bb<\/p>\n<p>La direction du SDMIS et les \u00e9lus financeurs sont directement vis\u00e9s : \u00ab\u00a0Et maintenant\u2026 on nous demande d\u2019attendre les municipales 2026. Inacceptable.\u00a0\u00bb Le syndicat r\u00e9affirme ses demandes, centr\u00e9es sur le \u00ab\u00a0respect du dialogue social\u00a0\u00bb, les \u00ab\u00a0effectifs \u2013 pouvoir d\u2019achat \u2013 conditions de travail, le respect strict des POJ et les revalorisations financi\u00e8res attendues pour les SPP, officiers et PATS : sans exception !.\u00a0\u00bb<\/p>\n<p>\u00a0Cons\u00e9quence direct : \u00ab\u00a0Nous d\u00e9posons un pr\u00e9avis de gr\u00e8ve reconductible tous les jours \u00e0 compter du 4 d\u00e9cembre 2025 \u00e0 l\u2019heure de prise de garde [\u2026] jusqu\u2019\u00e0 la fin de garde le 9 d\u00e9cembre 2025.\u00a0\u00bb Les pompiers annoncent \u00e9galement que \u00ab\u00a0les v\u00e9hicules seront marqu\u00e9s afin de porter nos revendications \u00e0 la connaissance de la population et qu\u2019 une manifestation des agents SPP et PATS du SDMIS sera organis\u00e9e.\u00a0\u00bb<\/p>\n<p>Deux rendez-vous sont d\u2019ores et d\u00e9j\u00e0 pos\u00e9s pendant la F\u00eate des Lumi\u00e8res : \u00ab\u00a0Rassemblements + manifestation : les 5 et 8 d\u00e9cembre. R\u00e9servez vos soir\u00e9es d\u00e8s maintenant !\u00a0\u00bb \u00a0Le syndicat compl\u00e8te l\u2019appel : \u00ab\u00a0Les OS appellent aussi \u00e0 ne programmer aucune activit\u00e9 accessoire reportable (IHTS, AR8, gardes SPV\u2026).\u00a0\u00bb<\/p>\n<p>Dans leur communiqu\u00e9, les organisations syndicales rappellent le pr\u00e9c\u00e9dent mouvement : \u00ab\u00a0Les pr\u00e9avis de gr\u00e8ve initialement d\u00e9pos\u00e9s en octobre 2024 ont \u00e9t\u00e9 lev\u00e9s le 21 f\u00e9vrier 2025 [\u2026] afin de permettre l\u2019ouverture de la seconde phase des n\u00e9gociations. Il ne s\u2019agissait en aucun cas d\u2019une fin du mouvement.\u00a0\u00bb \u00a0Mais selon elles, la situation s\u2019est enlis\u00e9e : \u00ab\u00a0Apr\u00e8s 9 mois d\u2019attente, rien, absolument rien. Aucune mesure, aucune avanc\u00e9e, aucune mise en \u0153uvre concr\u00e8te des engagements pris\u00a0\u00bb<\/p>\n<p>La mobilisation du 17 novembre 2025, d\u00e9j\u00e0 devant la M\u00e9tropole puis le D\u00e9partement, aurait confirm\u00e9 \u00a0\u00ab\u00a0que la d\u00e9termination reste intacte.\u00a0\u00bb Les syndicats d\u00e9noncent aussi l\u2019absence de r\u00e9ponse du PDDS sur \u00ab\u00a0le respect du RO tant en nombre de sapeurs-pompiers qu\u2019en termes de qualifications.\u00a0\u00bb<\/p>\n","protected":false},"excerpt":{"rendered":"Le syndicat SUD du SDMIS a annonc\u00e9 ce mercredi \u00ab\u00a0un pr\u00e9avis de gr\u00e8ve reconductible tous les jours \u00e0&hellip;\n","protected":false},"author":2,"featured_media":559652,"comment_status":"","ping_status":"","sticky":false,"template":"","format":"standard","meta":{"footnotes":""},"categories":[1889],"tags":[1111,11,2813,2190,2430,1109,251,1112,2811,1777,674,118,1011,27,1922,1110,1114,2428,2810,12,241,316,25,2812,517,800],"class_list":{"0":"post-559651","1":"post","2":"type-post","3":"status-publish","4":"format-standard","5":"has-post-thumbnail","7":"category-lyon","8":"tag-actu","9":"tag-actualites","10":"tag-article","11":"tag-asvel","12":"tag-auvergne-rhone-alpes","13":"tag-breves","14":"tag-culture","15":"tag-depeches","16":"tag-economique","17":"tag-eu","18":"tag-europe","19":"tag-faits-divers","20":"tag-fr","21":"tag-france","22":"tag-info","23":"tag-informations","24":"tag-infos","25":"tag-lyon","26":"tag-lyonmag","27":"tag-news","28":"tag-ol","29":"tag-politique","30":"tag-republique-francaise","31":"tag-sociale","32":"tag-sport","33":"tag-transports"},"share_on_mastodon":{"url":"https:\/\/pubeurope.com\/@fr\/115615334621175515","error":""},"_links":{"self":[{"href":"https:\/\/www.europesays.com\/fr\/wp-json\/wp\/v2\/posts\/559651","targetHints":{"allow":["GET"]}}],"collection":[{"href":"https:\/\/www.europesays.com\/fr\/wp-json\/wp\/v2\/posts"}],"about":[{"href":"https:\/\/www.europesays.com\/fr\/wp-json\/wp\/v2\/types\/post"}],"author":[{"embeddable":true,"href":"https:\/\/www.europesays.com\/fr\/wp-json\/wp\/v2\/users\/2"}],"replies":[{"embeddable":true,"href":"https:\/\/www.europesays.com\/fr\/wp-json\/wp\/v2\/comments?post=559651"}],"version-history":[{"count":0,"href":"https:\/\/www.europesays.com\/fr\/wp-json\/wp\/v2\/posts\/559651\/revisions"}],"wp:featuredmedia":[{"embeddable":true,"href":"https:\/\/www.europesays.com\/fr\/wp-json\/wp\/v2\/media\/559652"}],"wp:attachment":[{"href":"https:\/\/www.europesays.com\/fr\/wp-json\/wp\/v2\/media?parent=559651"}],"wp:term":[{"taxonomy":"category","embeddable":true,"href":"https:\/\/www.europesays.com\/fr\/wp-json\/wp\/v2\/categories?post=559651"},{"taxonomy":"post_tag","embeddable":true,"href":"https:\/\/www.europesays.com\/fr\/wp-json\/wp\/v2\/tags?post=559651"}],"curies":[{"name":"wp","href":"https:\/\/api.w.org\/{rel}","templated":true}]}}