{"id":559663,"date":"2025-11-26T09:45:19","date_gmt":"2025-11-26T09:45:19","guid":{"rendered":"https:\/\/www.europesays.com\/fr\/559663\/"},"modified":"2025-11-26T09:45:19","modified_gmt":"2025-11-26T09:45:19","slug":"soupconnes-despionnage-au-profit-de-la-russie-trois-membres-dune-association-francaise-mis-en-examen-a-paris","status":"publish","type":"post","link":"https:\/\/www.europesays.com\/fr\/559663\/","title":{"rendered":"Soup\u00e7onn\u00e9s d\u2019espionnage au profit de la Russie, trois membres d\u2019une association fran\u00e7aise mis en examen \u00e0 Paris"},"content":{"rendered":"<p>        <a class=\"Link \" href=\"https:\/\/www.lopinion.fr\/politique\/affaire-bygmalion-la-cour-de-cassation-va-trancher-sur-lultime-recours-de-nicolas-sarkozy\" data-cms-ai=\"0\" target=\"_blank\" rel=\"noopener\">Affaire Bygmalion : la Cour de cassation va trancher sur l&rsquo;ultime recours de Nicolas Sarkozy<\/a><\/p>\n<p>l&rsquo;Opinion (avec AFP)<\/p>\n<p>Paris &#8211; La Cour de cassation se prononce mercredi sur le pourvoi de Nicolas Sarkozy dans l\u2019affaire Bygmalion, faisant peser le couperet d\u2019une deuxi\u00e8me condamnation p\u00e9nale d\u00e9finitive au-dessus de l\u2019ex-pr\u00e9sident, qui affrontera au printemps le proc\u00e8s libyen en appel. Pass\u00e9e au second plan avec l\u2019incarc\u00e9ration de l\u2019ancien chef de l&rsquo;\u00c9tat \u00e0 la prison parisienne de la Sant\u00e9, cette proc\u00e9dure en cassation, qui a suspendu la peine prononc\u00e9e \u00e0 son encontre, est l\u2019ultime recours en droit fran\u00e7ais dans ce dossier. Si la Cour de cassation rejette le pourvoi, comme l\u2019a pr\u00e9conis\u00e9 l\u2019avocate g\u00e9n\u00e9rale \u00e0 l\u2019audience du 8 octobre, l\u2019affaire Bygmalion deviendra la deuxi\u00e8me condamnation p\u00e9nale d\u00e9finitive au casier judiciaire de Nicolas Sarkozy, apr\u00e8s celle de l\u2019affaire des \u00e9coutes. En revanche, si elle reconna\u00eet le bien-fond\u00e9 de la requ\u00eate, la plus haute juridiction fran\u00e7aise, qui juge le seul respect du droit et non le fond des dossiers, pourrait ordonner un nouveau proc\u00e8s. Dans l\u2019affaire Bygmalion, Nicolas Sarkozy a \u00e9t\u00e9 condamn\u00e9 le 14 f\u00e9vrier 2024 par la cour d\u2019appel de Paris \u00e0 un an d\u2019emprisonnement dont six mois ferme pour le financement ill\u00e9gal de sa campagne pr\u00e9sidentielle perdue de 2012. Dans ce dossier, les investigations ont r\u00e9v\u00e9l\u00e9 que, pour masquer l\u2019explosion des d\u00e9penses de sa campagne &#8211; pr\u00e8s de 43 millions d\u2019euros pour un maximum autoris\u00e9 de 22,5 millions -, un syst\u00e8me de double facturation avait \u00e9t\u00e9 mis en place imputant \u00e0 l\u2019UMP (devenue LR), sous couvert de conventions fictives, une grosse partie du co\u00fbt des meetings. Contrairement \u00e0 ses copr\u00e9venus, l\u2019ex-chef de l&rsquo;\u00c9tat n&rsquo;\u00e9tait pas mis en cause pour ce syst\u00e8me de fausses factures mais comme b\u00e9n\u00e9ficiaire, en tant que candidat, d\u2019un financement politique ill\u00e9gal. En premi\u00e8re instance comme en appel, Nicolas Sarkozy a contest\u00e9 \u00abvigoureusement toute responsabilit\u00e9 p\u00e9nale\u00bb, d\u00e9non\u00e7ant \u00abfables\u00bb et \u00abmensonges\u00bb. Sa peine en appel, dont la cour avait ordonn\u00e9 l\u2019am\u00e9nagement pour la partie ferme (bracelet \u00e9lectronique, semi-libert\u00e9&#8230;), \u00e9tait l\u00e9g\u00e8rement inf\u00e9rieure \u00e0 celle d\u2019un an d\u2019emprisonnement ferme prononc\u00e9e en premi\u00e8re instance en 2021. Perspectives judiciaires Trois des dix condamn\u00e9s en appel du proc\u00e8s Bygmalion se sont joints au pourvoi: le directeur de campagne, Guillaume Lambert, et les ex-cadres de l\u2019UMP Eric Cesari et Pierre Chassat. En d\u00e9cembre 2024, la Cour de cassation avait d\u00e9j\u00e0 rendu d\u00e9finitive la condamnation de Nicolas Sarkozy \u00e0 un an d\u2019emprisonnement ferme sous bracelet \u00e9lectronique pour corruption et trafic d\u2019influence dans l\u2019affaire des \u00e9coutes, \u00e9galement appel\u00e9e Bismuth. L\u2019ancien champion de la droite, aujourd\u2019hui \u00e2g\u00e9 de 70 ans, l\u2019a port\u00e9 entre f\u00e9vrier et mai, avant l\u2019obtention d\u2019une lib\u00e9ration conditionnelle avant mi-peine, notamment en raison de son \u00e2ge. Une nouvelle condamnation d\u00e9finitive pourrait compliquer encore davantage les perspectives judiciaires de Nicolas Sarkzoy, qui se pr\u00e9pare pour le proc\u00e8s en appel du dossier libyen pr\u00e9vu du 16 mars au 3 juin. Le 25 septembre, le tribunal correctionnel de Paris l\u2019a condamn\u00e9 \u00e0 cinq ans de prison pour avoir sciemment laiss\u00e9 ses collaborateurs d\u00e9marcher la Libye du dictateur Mouammar Kadhafi pour solliciter un financement occulte de sa campagne pr\u00e9sidentielle victorieuse de 2007. Pour d\u00e9terminer sa peine, le tribunal de Paris avait tenu compte de l\u2019affaire des \u00e9coutes, reprochant dans son jugement \u00e0 M. Sarkozy d\u2019avoir \u00abrelativis\u00e9 cette condamnation\u00bb en \u00abminimisant la gravit\u00e9 des faits\u00bb, mais avait en revanche \u00e9cart\u00e9 la condamnation Bygmalion en raison de son caract\u00e8re non-d\u00e9finitif. Nicolas Sarkozy, qui clame son innocence, a \u00e9t\u00e9 incarc\u00e9r\u00e9 pendant trois semaines \u00e0 la Sant\u00e9, une d\u00e9tention in\u00e9dite pour un ex-pr\u00e9sident dans l\u2019histoire de la R\u00e9publique fran\u00e7aise et qui a suscit\u00e9 de vifs d\u00e9bats. La cour d\u2019appel de Paris l\u2019a remis en libert\u00e9 sous contr\u00f4le judiciaire le 10 novembre. L\u2019ex-pr\u00e9sident va relater cette exp\u00e9rience carc\u00e9rale dans un livre, \u00abLe Journal d\u2019un prisonnier\u00bb, qui para\u00eetra un mois exactement apr\u00e8s sa sortie de prison. Alexandre MARCHAND \u00a9 Agence France-Presse<\/p>\n","protected":false},"excerpt":{"rendered":"Affaire Bygmalion : la Cour de cassation va trancher sur l&rsquo;ultime recours de Nicolas Sarkozy l&rsquo;Opinion (avec AFP)&hellip;\n","protected":false},"author":2,"featured_media":559664,"comment_status":"","ping_status":"","sticky":false,"template":"","format":"standard","meta":{"footnotes":""},"categories":[1591],"tags":[11,1887,12,1885,1886,132],"class_list":{"0":"post-559663","1":"post","2":"type-post","3":"status-publish","4":"format-standard","5":"has-post-thumbnail","7":"category-russie","8":"tag-actualites","9":"tag-federation-de-russie","10":"tag-news","11":"tag-russia","12":"tag-russian-federation","13":"tag-russie"},"share_on_mastodon":{"url":"https:\/\/pubeurope.com\/@fr\/115615362178722170","error":""},"_links":{"self":[{"href":"https:\/\/www.europesays.com\/fr\/wp-json\/wp\/v2\/posts\/559663","targetHints":{"allow":["GET"]}}],"collection":[{"href":"https:\/\/www.europesays.com\/fr\/wp-json\/wp\/v2\/posts"}],"about":[{"href":"https:\/\/www.europesays.com\/fr\/wp-json\/wp\/v2\/types\/post"}],"author":[{"embeddable":true,"href":"https:\/\/www.europesays.com\/fr\/wp-json\/wp\/v2\/users\/2"}],"replies":[{"embeddable":true,"href":"https:\/\/www.europesays.com\/fr\/wp-json\/wp\/v2\/comments?post=559663"}],"version-history":[{"count":0,"href":"https:\/\/www.europesays.com\/fr\/wp-json\/wp\/v2\/posts\/559663\/revisions"}],"wp:featuredmedia":[{"embeddable":true,"href":"https:\/\/www.europesays.com\/fr\/wp-json\/wp\/v2\/media\/559664"}],"wp:attachment":[{"href":"https:\/\/www.europesays.com\/fr\/wp-json\/wp\/v2\/media?parent=559663"}],"wp:term":[{"taxonomy":"category","embeddable":true,"href":"https:\/\/www.europesays.com\/fr\/wp-json\/wp\/v2\/categories?post=559663"},{"taxonomy":"post_tag","embeddable":true,"href":"https:\/\/www.europesays.com\/fr\/wp-json\/wp\/v2\/tags?post=559663"}],"curies":[{"name":"wp","href":"https:\/\/api.w.org\/{rel}","templated":true}]}}