{"id":559667,"date":"2025-11-26T09:47:09","date_gmt":"2025-11-26T09:47:09","guid":{"rendered":"https:\/\/www.europesays.com\/fr\/559667\/"},"modified":"2025-11-26T09:47:09","modified_gmt":"2025-11-26T09:47:09","slug":"des-democrates-accusent-donald-trump-dutiliser-le-fbi-comme-un-outil-pour-intimider-et-harceler-lopposition","status":"publish","type":"post","link":"https:\/\/www.europesays.com\/fr\/559667\/","title":{"rendered":"Des d\u00e9mocrates accusent Donald Trump d\u2019utiliser le FBI \u00ab\u00a0comme un outil pour intimider et harceler\u00a0\u00bb l\u2019opposition"},"content":{"rendered":"<p>\u00ab\u00a0Aucune intimidation ou harc\u00e8lement ne nous emp\u00eachera jamais de faire notre travail et d\u2019honorer notre Constitution [\u2026]. Nous ne nous laisserons pas intimider. Nous ne baisserons jamais les bras\u00a0\u00bb, ont ajout\u00e9 les d\u00e9put\u00e9s d\u00e9mocrates. \u00ab\u00a0Le fait que le pr\u00e9sident ait ordonn\u00e9 au FBI de nous cibler est pr\u00e9cis\u00e9ment la raison pour laquelle nous avons r\u00e9alis\u00e9 cette vid\u00e9o\u00a0\u00bb, a affirm\u00e9 de son c\u00f4t\u00e9 <a href=\"https:\/\/x.com\/SenatorSlotkin\/status\/1993392129088037055\" target=\"_blank\" rel=\"nofollow\">sur X la s\u00e9natrice Elissa Slotkin<\/a>.<\/p>\n<p>\u00ab\u00a0Harc\u00e8lement judiciaire\u00a0\u00bb<\/p>\n<p>\u00ab\u00a0Il croit pouvoir instrumentaliser le gouvernement f\u00e9d\u00e9ral contre ses ennemis suppos\u00e9s et estime que les lois ne s\u2019appliquent ni \u00e0 lui, ni \u00e0 son cabinet. Il utilise le harc\u00e8lement judiciaire comme tactique d\u2019intimidation pour dissuader quiconque de s\u2019exprimer\u00a0\u00bb, affirme-t-elle. \u00ab\u00a0Ce n\u2019est pas l\u2019Am\u00e9rique que je connais et je ne laisserai pas cette nouvelle mesure du FBI m\u2019emp\u00eacher de d\u00e9fendre mon pays et notre Constitution\u00a0\u00bb.<\/p>\n<p>Lundi, le minist\u00e8re am\u00e9ricain de la D\u00e9fense avait annonc\u00e9 l\u2019ouverture d\u2019une enqu\u00eate \u00e0 l\u2019encontre <a href=\"https:\/\/www.sudouest.fr\/international\/etats-unis\/etats-unis-qui-est-mark-kelly-le-democrate-nouvelle-bete-noire-de-donald-trump-26847737.php\" target=\"_blank\" rel=\"noopener\">du s\u00e9nateur d\u00e9mocrate de l\u2019Arizona Mark Kelly<\/a>, coauteur de la vid\u00e9o incrimin\u00e9e, mena\u00e7ant cet ex-pilote de la marine et astronaute de cour martiale. Si cette enqu\u00eate \u00ab\u00a0a pour but de m\u2019intimider et d\u2019intimider d\u2019autres membres du Congr\u00e8s pour les emp\u00eacher de faire leur boulot et de faire rendre des comptes \u00e0 cette administration, cela ne fonctionnera pas\u00a0\u00bb, a r\u00e9agi Mark Kelly dans un communiqu\u00e9. \u00ab\u00a0J\u2019ai trop donn\u00e9 \u00e0 ce pays pour \u00eatre r\u00e9duit au silence par des petites brutes qui se soucient davantage de leur propre pouvoir que de prot\u00e9ger la Constitution\u00a0\u00bb, a ajout\u00e9 le s\u00e9nateur.<\/p>\n<p>Trump condamne les d\u00e9mocrates<\/p>\n<p>Ces six \u00e9lus du Congr\u00e8s, ayant tous servi dans l\u2019arm\u00e9e ou les services de renseignement, avaient publi\u00e9 la semaine derni\u00e8re une vid\u00e9o dans laquelle ils affirmaient que militaires et agents du renseignement pouvaient \u00ab\u00a0refuser les ordres ill\u00e9gaux\u00a0\u00bb de la Maison-Blanche. \u00ab\u00a0Les menaces contre notre Constitution ne viennent pas seulement de l\u2019\u00e9tranger, mais aussi d\u2019ici, chez nous\u00a0\u00bb, d\u00e9non\u00e7aient-ils.<\/p>\n","protected":false},"excerpt":{"rendered":"\u00ab\u00a0Aucune intimidation ou harc\u00e8lement ne nous emp\u00eachera jamais de faire notre travail et d\u2019honorer notre Constitution [\u2026]. Nous&hellip;\n","protected":false},"author":2,"featured_media":559668,"comment_status":"","ping_status":"","sticky":false,"template":"","format":"standard","meta":{"footnotes":""},"categories":[1589],"tags":[11,73,1866,12,1864,1865,1863,308],"class_list":{"0":"post-559667","1":"post","2":"type-post","3":"status-publish","4":"format-standard","5":"has-post-thumbnail","7":"category-etats-unis","8":"tag-actualites","9":"tag-etats-unis","10":"tag-etats-unis-damerique","11":"tag-news","12":"tag-united-states","13":"tag-united-states-of-america","14":"tag-us","15":"tag-usa"},"share_on_mastodon":{"url":"https:\/\/pubeurope.com\/@fr\/115615370111435844","error":""},"_links":{"self":[{"href":"https:\/\/www.europesays.com\/fr\/wp-json\/wp\/v2\/posts\/559667","targetHints":{"allow":["GET"]}}],"collection":[{"href":"https:\/\/www.europesays.com\/fr\/wp-json\/wp\/v2\/posts"}],"about":[{"href":"https:\/\/www.europesays.com\/fr\/wp-json\/wp\/v2\/types\/post"}],"author":[{"embeddable":true,"href":"https:\/\/www.europesays.com\/fr\/wp-json\/wp\/v2\/users\/2"}],"replies":[{"embeddable":true,"href":"https:\/\/www.europesays.com\/fr\/wp-json\/wp\/v2\/comments?post=559667"}],"version-history":[{"count":0,"href":"https:\/\/www.europesays.com\/fr\/wp-json\/wp\/v2\/posts\/559667\/revisions"}],"wp:featuredmedia":[{"embeddable":true,"href":"https:\/\/www.europesays.com\/fr\/wp-json\/wp\/v2\/media\/559668"}],"wp:attachment":[{"href":"https:\/\/www.europesays.com\/fr\/wp-json\/wp\/v2\/media?parent=559667"}],"wp:term":[{"taxonomy":"category","embeddable":true,"href":"https:\/\/www.europesays.com\/fr\/wp-json\/wp\/v2\/categories?post=559667"},{"taxonomy":"post_tag","embeddable":true,"href":"https:\/\/www.europesays.com\/fr\/wp-json\/wp\/v2\/tags?post=559667"}],"curies":[{"name":"wp","href":"https:\/\/api.w.org\/{rel}","templated":true}]}}