{"id":559674,"date":"2025-11-26T09:51:13","date_gmt":"2025-11-26T09:51:13","guid":{"rendered":"https:\/\/www.europesays.com\/fr\/559674\/"},"modified":"2025-11-26T09:51:13","modified_gmt":"2025-11-26T09:51:13","slug":"lambassadeur-de-lue-convoque-par-carthage-pour-violation-des-usages-diplomatiques","status":"publish","type":"post","link":"https:\/\/www.europesays.com\/fr\/559674\/","title":{"rendered":"L&rsquo;ambassadeur de l&rsquo;UE convoqu\u00e9 par Carthage pour \u00ab violation des usages diplomatiques \u00bb"},"content":{"rendered":"<p>AA \/ Istanbul \/ Mariem Njeh<\/p>\n<p>Le pr\u00e9sident tunisien Kais Sa\u00efed a convoqu\u00e9, mardi, l&rsquo;ambassadeur de l&rsquo;Union europ\u00e9enne, Giuseppe Perrone, pour lui faire part de sa \u00ab vive protestation \u00bb \u00e0 la suite de la rencontre de ce dernier avec le secr\u00e9taire g\u00e9n\u00e9ral de l&rsquo;Union g\u00e9n\u00e9rale tunisienne du travail (UGTT), Noureddine Taboubi.<\/p>\n<p>Un communiqu\u00e9 de la pr\u00e9sidence tunisienne a indiqu\u00e9 que Sa\u00efed \u00ab a convoqu\u00e9 mardi apr\u00e8s-midi, au palais de Carthage, Giuseppe Perrone, ambassadeur de l&rsquo;Union europ\u00e9enne en Tunisie, pour lui faire part d&rsquo;une protestation vigoureuse \u00bb.<\/p>\n<p>Le communiqu\u00e9 a pr\u00e9cis\u00e9 que cette protestation faisait suite au \u00ab non-respect des r\u00e8gles de la diplomatie et au fait d&rsquo;avoir agi en dehors des cadres officiels reconnus dans les coutumes diplomatiques en tant qu&rsquo;ambassadeur pl\u00e9nipotentiaire de l&rsquo;Union europ\u00e9enne aupr\u00e8s de l&rsquo;\u00c9tat tunisien et de ses institutions officielles \u00bb.<\/p>\n<p>&#8211; Une s\u00e9rie de rencontres avec les partenaires sociaux<\/p>\n<p>Sur la plateforme de m\u00e9dias sociaux de la soci\u00e9t\u00e9 am\u00e9ricaine X, la d\u00e9l\u00e9gation de l&rsquo;Union europ\u00e9enne en Tunisie a affirm\u00e9 qu&rsquo;une r\u00e9union s&rsquo;est tenue lundi entre l&rsquo;ambassadeur de l&rsquo;UE et le secr\u00e9taire g\u00e9n\u00e9ral de l&rsquo;UGTT, Noureddine Taboubi, soulignant le caract\u00e8re \u00e9conomique et social de ces \u00e9changes.<\/p>\n<p>La d\u00e9l\u00e9gation a pr\u00e9sent\u00e9 la r\u00e9union du lundi avec le chef de la Centrale syndicale comme une occasion de \u00ab valoriser le r\u00f4le de l&rsquo;UGTT dans le soutien au dialogue social et au d\u00e9veloppement \u00e9conomique en Tunisie \u00bb, tout en appelant au renforcement du partenariat.<\/p>\n<p>Le journal Al-Shaab News (affili\u00e9 \u00e0 l&rsquo;UGTT) a rapport\u00e9 que Perrone avait d\u00e9clar\u00e9 que cette rencontre avait eu lieu \u00e0 l&rsquo;occasion du 30e anniversaire de l&rsquo;accord de partenariat entre la Tunisie et l&rsquo;Union europ\u00e9enne.<\/p>\n<p>Quelques jours plus t\u00f4t, vendredi, l&rsquo;ambassadeur Perrone avait \u00e9galement tenu une \u00ab rencontre fructueuse \u00bb avec le pr\u00e9sident de l&rsquo;Union tunisienne de l&rsquo;industrie, du commerce et de l&rsquo;artisanat (UTICA), portant sur la coop\u00e9ration \u00e9conomique dans des secteurs cl\u00e9s comme le textile, l&rsquo;huile d&rsquo;olive et l&rsquo;accord OpenSky, selon un communiqu\u00e9 publi\u00e9 par la m\u00eame source.<\/p>\n<p>                            &#13;<br \/>\n                                <a href=\"https:\/\/www.aa.com.tr\/fr\/p\/abonnement\/1001\" target=\"_blank\" style=\"font-size:12px; color:#444; text-decoration:none;\" rel=\"noopener\">&#13;<br \/>\n                                    Seulement une partie des d\u00e9p\u00eaches, que l&rsquo;Agence Anadolu diffuse \u00e0 ses abonn\u00e9s via le Syst\u00e8me de Diffusion interne (HAS), est diffus\u00e9e sur le site de l&rsquo;AA, de mani\u00e8re r\u00e9sum\u00e9e. <b style=\"color:#1897F7\">Contactez-nous s&rsquo;il vous pla\u00eet pour vous abonner.<\/b>&#13;<br \/>\n                                <\/a>&#13;<\/p>\n","protected":false},"excerpt":{"rendered":"AA \/ Istanbul \/ Mariem Njeh Le pr\u00e9sident tunisien Kais Sa\u00efed a convoqu\u00e9, mardi, l&rsquo;ambassadeur de l&rsquo;Union europ\u00e9enne,&hellip;\n","protected":false},"author":2,"featured_media":559675,"comment_status":"","ping_status":"","sticky":false,"template":"","format":"standard","meta":{"footnotes":""},"categories":[1586],"tags":[11,1785,1777,674,1779,1011,27,12,25,2028,1778,67674,9213,364],"class_list":{"0":"post-559674","1":"post","2":"type-post","3":"status-publish","4":"format-standard","5":"has-post-thumbnail","7":"category-europe","8":"tag-actualites","9":"tag-anadolu-ajansi","10":"tag-eu","11":"tag-europe","12":"tag-european-union","13":"tag-fr","14":"tag-france","15":"tag-news","16":"tag-republique-francaise","17":"tag-tunisie","18":"tag-ue","19":"tag-ugtt","20":"tag-union-europenne","21":"tag-union-europeenne"},"share_on_mastodon":{"url":"https:\/\/pubeurope.com\/@fr\/115615385933140473","error":""},"_links":{"self":[{"href":"https:\/\/www.europesays.com\/fr\/wp-json\/wp\/v2\/posts\/559674","targetHints":{"allow":["GET"]}}],"collection":[{"href":"https:\/\/www.europesays.com\/fr\/wp-json\/wp\/v2\/posts"}],"about":[{"href":"https:\/\/www.europesays.com\/fr\/wp-json\/wp\/v2\/types\/post"}],"author":[{"embeddable":true,"href":"https:\/\/www.europesays.com\/fr\/wp-json\/wp\/v2\/users\/2"}],"replies":[{"embeddable":true,"href":"https:\/\/www.europesays.com\/fr\/wp-json\/wp\/v2\/comments?post=559674"}],"version-history":[{"count":0,"href":"https:\/\/www.europesays.com\/fr\/wp-json\/wp\/v2\/posts\/559674\/revisions"}],"wp:featuredmedia":[{"embeddable":true,"href":"https:\/\/www.europesays.com\/fr\/wp-json\/wp\/v2\/media\/559675"}],"wp:attachment":[{"href":"https:\/\/www.europesays.com\/fr\/wp-json\/wp\/v2\/media?parent=559674"}],"wp:term":[{"taxonomy":"category","embeddable":true,"href":"https:\/\/www.europesays.com\/fr\/wp-json\/wp\/v2\/categories?post=559674"},{"taxonomy":"post_tag","embeddable":true,"href":"https:\/\/www.europesays.com\/fr\/wp-json\/wp\/v2\/tags?post=559674"}],"curies":[{"name":"wp","href":"https:\/\/api.w.org\/{rel}","templated":true}]}}