{"id":559678,"date":"2025-11-26T09:53:23","date_gmt":"2025-11-26T09:53:23","guid":{"rendered":"https:\/\/www.europesays.com\/fr\/559678\/"},"modified":"2025-11-26T09:53:23","modified_gmt":"2025-11-26T09:53:23","slug":"la-mere-du-narco-qui-est-sorti-en-permission-interpellee-le-meme-jour","status":"publish","type":"post","link":"https:\/\/www.europesays.com\/fr\/559678\/","title":{"rendered":"La m\u00e8re du narco qui est sorti en permission interpell\u00e9e le m\u00eame jour"},"content":{"rendered":"<p>Apr\u00e8s le fils, la m\u00e8re. Lundi, l\u2019attention m\u00e9diatique s\u2019est port\u00e9e sur Ouaihid Ben Fa\u00efza, 52 ans, un membre important d\u2019un vaste r\u00e9seau de trafic de drogue de <a href=\"https:\/\/www.20minutes.fr\/societe\/seine-saint-denis\/\" class=\"c-link c-link--is-underlined\" target=\"_blank\" rel=\"noopener\">Seine-Saint-Denis<\/a>. D\u00e9tenu au quartier de lutte contre la criminalit\u00e9 organis\u00e9e de Vendin-le-Vieil (Pas-de-Calais), il avait obtenu <a href=\"https:\/\/www.20minutes.fr\/faits_divers\/4187327-20251123-controverse-permission-sortie-prison-dangereux-narcotrafiquant\" class=\"c-link c-link--is-underlined\" target=\"_blank\" rel=\"noopener\">une permission de sortir pol\u00e9mique<\/a> pour se rendre \u00e0 un rendez-vous avec un potentiel employeur dans l\u2019agglom\u00e9ration lyonnaise.<\/p>\n<\/p>\n<p>Le prisonnier est <a href=\"https:\/\/www.20minutes.fr\/societe\/4187677-20251125-narcobanditisme-narcotrafiquant-permission-revenu-prison-vendin-vieil\" class=\"c-link c-link--is-underlined\" target=\"_blank\" rel=\"noopener\">retourn\u00e9 dans sa cellule en fin de journ\u00e9e<\/a>. Presque au m\u00eame moment, sa m\u00e8re a \u00e9t\u00e9 plac\u00e9e en garde \u00e0 vue dans une affaire de stup\u00e9fiants. Selon <a href=\"https:\/\/www.leparisien.fr\/seine-saint-denis-93\/permission-de-sortir-a-vendin-le-vieil-la-mere-du-detenu-en-garde-a-vue-pour-trafic-de-stupefiants-25-11-2025-3SGAAXI4OZGXHEXB7OQCM3FJN4.php?ts=1764138334338\" target=\"_blank\" class=\"c-link c-link--is-underlined\" rel=\"noopener\">Le Parisien,<\/a> les chiens de la brigade cynophile, d\u00e9ploy\u00e9s dans le quartier des 4000 \u00e0 La\u00a0Courneuve pour un contr\u00f4le antistups, se sont arr\u00eat\u00e9s devant la porte d\u2019un appartement. A l\u2019int\u00e9rieur se trouvaient cette femme et deux neveux d\u2019Ouaihid Ben Fa\u00efza.<\/p>\n<p>Un hasard<\/p>\n<p>Toujours selon le quotidien, les policiers pr\u00e9sents ont mis la main sur 1.500 euros, 400\u00a0grammes de cannabis et les cl\u00e9s d\u2019un v\u00e9hicule vol\u00e9. La garde \u00e0 vue de la suspecte peut durer 96 heures. Les forces de l\u2019ordre ont assur\u00e9 qu\u2019il n\u2019existait aucun lien entre cette affaire et la <a href=\"https:\/\/www.20minutes.fr\/justice\/4187539-20251124-prison-decide-permissions-sortir-detenus-comment\" class=\"c-link c-link--is-underlined\" target=\"_blank\" rel=\"noopener\">permission de sortir accord\u00e9e au d\u00e9tenu<\/a> de Vendin-le-Vieil. Un pur hasard semble-t-il.<\/p>\n","protected":false},"excerpt":{"rendered":"Apr\u00e8s le fils, la m\u00e8re. Lundi, l\u2019attention m\u00e9diatique s\u2019est port\u00e9e sur Ouaihid Ben Fa\u00efza, 52 ans, un membre&hellip;\n","protected":false},"author":2,"featured_media":559679,"comment_status":"","ping_status":"","sticky":false,"template":"","format":"standard","meta":{"footnotes":""},"categories":[2],"tags":[47,11,3675,118,1011,27,662,7175,813,12,806,25,1945,4377,887],"class_list":{"0":"post-559678","1":"post","2":"type-post","3":"status-publish","4":"format-standard","5":"has-post-thumbnail","7":"category-actualites","8":"tag-actualite","9":"tag-actualites","10":"tag-cannabis","11":"tag-faits-divers","12":"tag-fr","13":"tag-france","14":"tag-ile-de-france","15":"tag-la-courneuve","16":"tag-narcotrafiquants","17":"tag-news","18":"tag-prison","19":"tag-republique-francaise","20":"tag-seine-saint-denis","21":"tag-stupefiant","22":"tag-trafic-de-drogue"},"share_on_mastodon":{"url":"https:\/\/pubeurope.com\/@fr\/115615393669574157","error":""},"_links":{"self":[{"href":"https:\/\/www.europesays.com\/fr\/wp-json\/wp\/v2\/posts\/559678","targetHints":{"allow":["GET"]}}],"collection":[{"href":"https:\/\/www.europesays.com\/fr\/wp-json\/wp\/v2\/posts"}],"about":[{"href":"https:\/\/www.europesays.com\/fr\/wp-json\/wp\/v2\/types\/post"}],"author":[{"embeddable":true,"href":"https:\/\/www.europesays.com\/fr\/wp-json\/wp\/v2\/users\/2"}],"replies":[{"embeddable":true,"href":"https:\/\/www.europesays.com\/fr\/wp-json\/wp\/v2\/comments?post=559678"}],"version-history":[{"count":0,"href":"https:\/\/www.europesays.com\/fr\/wp-json\/wp\/v2\/posts\/559678\/revisions"}],"wp:featuredmedia":[{"embeddable":true,"href":"https:\/\/www.europesays.com\/fr\/wp-json\/wp\/v2\/media\/559679"}],"wp:attachment":[{"href":"https:\/\/www.europesays.com\/fr\/wp-json\/wp\/v2\/media?parent=559678"}],"wp:term":[{"taxonomy":"category","embeddable":true,"href":"https:\/\/www.europesays.com\/fr\/wp-json\/wp\/v2\/categories?post=559678"},{"taxonomy":"post_tag","embeddable":true,"href":"https:\/\/www.europesays.com\/fr\/wp-json\/wp\/v2\/tags?post=559678"}],"curies":[{"name":"wp","href":"https:\/\/api.w.org\/{rel}","templated":true}]}}