{"id":559688,"date":"2025-11-26T10:02:12","date_gmt":"2025-11-26T10:02:12","guid":{"rendered":"https:\/\/www.europesays.com\/fr\/559688\/"},"modified":"2025-11-26T10:02:12","modified_gmt":"2025-11-26T10:02:12","slug":"la-classic-annemasse-agglo-inscrite-au-calendrier-uci-actualite","status":"publish","type":"post","link":"https:\/\/www.europesays.com\/fr\/559688\/","title":{"rendered":"La Classic Annemasse Agglo inscrite au calendrier UCI &#8211; Actualit\u00e9"},"content":{"rendered":"<p style=\"text-align: justify;\">L\u2019heure est au changement pour Annemasse-Bellegarde. La course devient la Classic Annemasse Agglo et figure d\u00e9sormais au calendrier UCI, en 1.2. Elle garde en revanche sa date, le dernier dimanche de mars, \u00e0 savoir le 29 pour 2026.<\/p>\n<p>\u201cLes meilleurs jeunes coureurs fran\u00e7ais \u00e9taient dans les clubs de N1. Aujourd\u2019hui, ils sont dans la r\u00e9serve des \u00e9quipes WorldTour. C\u2019est important pour cette course que l\u2019on appelle la Doyenne de conserver un plateau international\u201d, avait confi\u00e9 cet \u00e9t\u00e9 \u00e0 DirectVelo\u00a0l\u2019organisateur Olivier Paret-Peintre.<\/p>\n<p>La course ne se disputera plus en ligne. Il y aura trois passages sur la ligne d\u2019arriv\u00e9e pour avoir \u201cplus d\u2019animation dans la commune d&rsquo;Annemasse\u201d. Les coureurs devront\u00a0effectuer deux ascensions de chez Padon, le juge de paix habituel, et aller sur les contreforts du Sal\u00e8ve.<\/p>\n<p>En 2025,\u00a0<strong><a href=\"https:\/\/www.directvelo.com\/epreuve\/45814\/annemasse-bellegarde-et-retour-2025\" target=\"_blank\" rel=\"noopener\">la victoire \u00e9tait revenue \u00e0 Victor Loulergue<\/a><\/strong> alors \u00e0 Bourg-en-Bresse Ain Cyclisme et qui sera membre l\u2019an prochain de la Conti Groupama-FDJ.\u00a0<\/p>\n","protected":false},"excerpt":{"rendered":"L\u2019heure est au changement pour Annemasse-Bellegarde. La course devient la Classic Annemasse Agglo et figure d\u00e9sormais au calendrier&hellip;\n","protected":false},"author":2,"featured_media":559689,"comment_status":"","ping_status":"","sticky":false,"template":"","format":"standard","meta":{"footnotes":""},"categories":[1411],"tags":[834,828,836,829,837,827,83,826,824,823,1154,207,814,817,815,816,822,821,832,211,839,1011,27,820,818,819,835,831,830,833,838,60,212,208,825],"class_list":{"0":"post-559688","1":"post","2":"type-post","3":"status-publish","4":"format-standard","5":"has-post-thumbnail","7":"category-cyclisme","8":"tag-attaque","9":"tag-belgique","10":"tag-braquet","11":"tag-bretagne","12":"tag-chute","13":"tag-competition","14":"tag-coupe-de-france","15":"tag-coureur","16":"tag-course-cyclisme","17":"tag-course-cycliste","18":"tag-cycling","19":"tag-cyclisme","20":"tag-direct","21":"tag-direct-velo","22":"tag-directvelo","23":"tag-directvelo-com","24":"tag-epreuve","25":"tag-epreuve-cycliste","26":"tag-federation-francaise-de-cyclisme","27":"tag-ffc","28":"tag-flandres","29":"tag-fr","30":"tag-france","31":"tag-live","32":"tag-live-course","33":"tag-live-epreuve","34":"tag-peloton","35":"tag-radio-peloton","36":"tag-radio-tour","37":"tag-ravitaillement","38":"tag-relance","39":"tag-sports","40":"tag-uci","41":"tag-velo","42":"tag-velos"},"share_on_mastodon":{"url":"https:\/\/pubeurope.com\/@fr\/115615429136693526","error":""},"_links":{"self":[{"href":"https:\/\/www.europesays.com\/fr\/wp-json\/wp\/v2\/posts\/559688","targetHints":{"allow":["GET"]}}],"collection":[{"href":"https:\/\/www.europesays.com\/fr\/wp-json\/wp\/v2\/posts"}],"about":[{"href":"https:\/\/www.europesays.com\/fr\/wp-json\/wp\/v2\/types\/post"}],"author":[{"embeddable":true,"href":"https:\/\/www.europesays.com\/fr\/wp-json\/wp\/v2\/users\/2"}],"replies":[{"embeddable":true,"href":"https:\/\/www.europesays.com\/fr\/wp-json\/wp\/v2\/comments?post=559688"}],"version-history":[{"count":0,"href":"https:\/\/www.europesays.com\/fr\/wp-json\/wp\/v2\/posts\/559688\/revisions"}],"wp:featuredmedia":[{"embeddable":true,"href":"https:\/\/www.europesays.com\/fr\/wp-json\/wp\/v2\/media\/559689"}],"wp:attachment":[{"href":"https:\/\/www.europesays.com\/fr\/wp-json\/wp\/v2\/media?parent=559688"}],"wp:term":[{"taxonomy":"category","embeddable":true,"href":"https:\/\/www.europesays.com\/fr\/wp-json\/wp\/v2\/categories?post=559688"},{"taxonomy":"post_tag","embeddable":true,"href":"https:\/\/www.europesays.com\/fr\/wp-json\/wp\/v2\/tags?post=559688"}],"curies":[{"name":"wp","href":"https:\/\/api.w.org\/{rel}","templated":true}]}}