{"id":559694,"date":"2025-11-26T10:05:13","date_gmt":"2025-11-26T10:05:13","guid":{"rendered":"https:\/\/www.europesays.com\/fr\/559694\/"},"modified":"2025-11-26T10:05:13","modified_gmt":"2025-11-26T10:05:13","slug":"un-rapport-de-2018-pointait-deja-la-vulnerabilite-du-balcon-par-lequel-les-voleurs-sont-passes","status":"publish","type":"post","link":"https:\/\/www.europesays.com\/fr\/559694\/","title":{"rendered":"un rapport de 2018 pointait d\u00e9j\u00e0 la vuln\u00e9rabilit\u00e9 du balcon par lequel les voleurs sont pass\u00e9s"},"content":{"rendered":"<p>Casse au Louvre: un rapport de 2018 pointait d\u00e9j\u00e0 la vuln\u00e9rabilit\u00e9 du balcon par lequel les voleurs sont pass\u00e9sSur le m\u00eame sujet<a href=\"https:\/\/www.bfmtv.com\/police-justice\/video-elle-est-partie-mais-je-ne-peux-pas-avoir-acces-a-mon-appartement-pierre-proprietaire-d-un-logement-squatte-a-savigny-le-temple-temoigne-sur-bfmtv_VN-202511260503.html\" title=\"&quot;Elle est partie, mais je ne peux pas avoir acc\u00e8s \u00e0 mon appartement&quot;: Pierre, propri\u00e9taire d&#039;un logement squatt\u00e9 \u00e0 Savigny-le-Temple, t\u00e9moigne sur BFMTV\" target=\"_blank\" rel=\"noopener\"><img width=\"16\" height=\"9\" class=\"lozad\"  alt=\"&quot;Elle est partie, mais je ne peux pas avoir acc\u00e8s \u00e0 mon appartement&quot;: Pierre, propri\u00e9taire d'un logement squatt\u00e9 \u00e0 Savigny-le-Temple, t\u00e9moigne sur BFMTV\"\/>3:12&Prime;Elle est partie, mais je ne peux pas avoir acc\u00e8s \u00e0 mon appartement\u00a0\u00bb: Pierre, propri\u00e9taire d&rsquo;un logement squatt\u00e9 \u00e0 Savigny-le-Temple, t\u00e9moigne sur BFMTV<\/a><a href=\"https:\/\/www.bfmtv.com\/police-justice\/video-un-chef-d-entreprise-victime-d-un-home-jacking-a-nimes-un-butin-estime-a-1-million-d-euros_VN-202511260463.html\" title=\"Un chef d&#039;entreprise victime d\u2019un home-jacking \u00e0 N\u00eemes, un butin estim\u00e9 \u00e0 1 million d&#039;euros \" target=\"_blank\" rel=\"noopener\"><img width=\"16\" height=\"9\" class=\"lozad\"  alt=\"Un chef d'entreprise victime d\u2019un home-jacking \u00e0 N\u00eemes, un butin estim\u00e9 \u00e0 1 million d'euros \"\/>1:19Un chef d&rsquo;entreprise victime d\u2019un home-jacking \u00e0 N\u00eemes, un butin estim\u00e9 \u00e0 1 million d&rsquo;euros<\/a><a href=\"https:\/\/www.bfmtv.com\/police-justice\/video-un-chef-d-entreprise-sequestre-a-nimes-un-butin-a-1-million-d-euros-derobe_VN-202511260243.html\" title=\"Un chef d&#039;entreprise s\u00e9questr\u00e9 \u00e0 N\u00eemes, un butin \u00e0 1 million d&#039;euros d\u00e9rob\u00e9\" target=\"_blank\" rel=\"noopener\"><img width=\"16\" height=\"9\" class=\"lozad\"  alt=\"Un chef d'entreprise s\u00e9questr\u00e9 \u00e0 N\u00eemes, un butin \u00e0 1 million d'euros d\u00e9rob\u00e9\"\/>1:15Un chef d&rsquo;entreprise s\u00e9questr\u00e9 \u00e0 N\u00eemes, un butin \u00e0 1 million d&rsquo;euros d\u00e9rob\u00e9<\/a><a href=\"https:\/\/www.bfmtv.com\/police-justice\/video-casse-au-louvre-un-rapport-de-2018-pointait-deja-la-vulnerabilite-du-balcon-par-lequel-les-voleurs-sont-passes_VN-202511260193.html\" title=\"Casse au Louvre: un rapport de 2018 pointait d\u00e9j\u00e0 la vuln\u00e9rabilit\u00e9 du balcon par lequel les voleurs sont pass\u00e9s\" target=\"_blank\" rel=\"noopener\"><img width=\"16\" height=\"9\" class=\"lozad\"  alt=\"Casse au Louvre: un rapport de 2018 pointait d\u00e9j\u00e0 la vuln\u00e9rabilit\u00e9 du balcon par lequel les voleurs sont pass\u00e9s\"\/>en lectureCasse au Louvre: un rapport de 2018 pointait d\u00e9j\u00e0 la vuln\u00e9rabilit\u00e9 du balcon par lequel les voleurs sont pass\u00e9s<\/a><a href=\"https:\/\/www.bfmtv.com\/police-justice\/video-la-mere-et-d-autres-membres-de-la-famille-du-detenu-de-la-prison-de-vendin-le-vieil-qui-beneficiait-d-une-permission-de-sortir-lundi-24-novembre-ont-ete-interpelles_VN-202511260191.html\" title=\"La m\u00e8re et d&#039;autres membres de la famille du d\u00e9tenu de la prison de Vendin-le-Vieil qui b\u00e9n\u00e9ficiait d&#039;une permission de sortir lundi 24 novembre ont \u00e9t\u00e9 interpell\u00e9s \" target=\"_blank\" rel=\"noopener\"><img width=\"16\" height=\"9\" class=\"lozad\"  alt=\"La m\u00e8re et d'autres membres de la famille du d\u00e9tenu de la prison de Vendin-le-Vieil qui b\u00e9n\u00e9ficiait d'une permission de sortir lundi 24 novembre ont \u00e9t\u00e9 interpell\u00e9s \"\/>0:24La m\u00e8re et d&rsquo;autres membres de la famille du d\u00e9tenu de la prison de Vendin-le-Vieil qui b\u00e9n\u00e9ficiait d&rsquo;une permission de sortir lundi 24 novembre ont \u00e9t\u00e9 interpell\u00e9s<\/a><a href=\"https:\/\/www.bfmtv.com\/police-justice\/video-ingerence-russe-qui-sont-les-quatre-personnes-qui-ont-ete-mises-en-examen-en-france_VN-202511251062.html\" title=\"Ing\u00e9rence russe: qui sont les quatre personnes qui ont \u00e9t\u00e9 mises en examen en France ?\" target=\"_blank\" rel=\"noopener\"><img width=\"16\" height=\"9\" class=\"lozad\"  alt=\"Ing\u00e9rence russe: qui sont les quatre personnes qui ont \u00e9t\u00e9 mises en examen en France ?\"\/>4:40Ing\u00e9rence russe: qui sont les quatre personnes qui ont \u00e9t\u00e9 mises en examen en France ?<\/a><a href=\"https:\/\/www.bfmtv.com\/police-justice\/video-ingerence-russe-quatre-personnes-ont-ete-mises-en-examen-dont-deux-francais-et-une-franco-russe_VN-202511251019.html\" title=\"Ing\u00e9rence russe: quatre personnes ont \u00e9t\u00e9 mises en examen, dont deux Fran\u00e7ais et une Franco-Russe\" target=\"_blank\" rel=\"noopener\"><img width=\"16\" height=\"9\" class=\"lozad\"  alt=\"Ing\u00e9rence russe: quatre personnes ont \u00e9t\u00e9 mises en examen, dont deux Fran\u00e7ais et une Franco-Russe\"\/>2:09Ing\u00e9rence russe: quatre personnes ont \u00e9t\u00e9 mises en examen, dont deux Fran\u00e7ais et une Franco-Russe<\/a><a href=\"https:\/\/www.bfmtv.com\/police-justice\/video-gard-un-patron-d-un-grand-groupe-de-materiel-medical-a-ete-enleve-dans-ses-bureaux-il-a-ete-libere_VN-202511250972.html\" title=\"Gard: un patron d&#039;un grand groupe de mat\u00e9riel m\u00e9dical a \u00e9t\u00e9 enlev\u00e9 dans ses bureaux, il a \u00e9t\u00e9 lib\u00e9r\u00e9\" target=\"_blank\" rel=\"noopener\"><img width=\"16\" height=\"9\" class=\"lozad\"  alt=\"Gard: un patron d'un grand groupe de mat\u00e9riel m\u00e9dical a \u00e9t\u00e9 enlev\u00e9 dans ses bureaux, il a \u00e9t\u00e9 lib\u00e9r\u00e9\"\/>1:37Gard: un patron d&rsquo;un grand groupe de mat\u00e9riel m\u00e9dical a \u00e9t\u00e9 enlev\u00e9 dans ses bureaux, il a \u00e9t\u00e9 lib\u00e9r\u00e9<\/a><a href=\"https:\/\/www.bfmtv.com\/police-justice\/video-ce-que-l-on-sait-des-quatre-nouvelles-interpellations-un-mois-apres-le-casse-au-louvre_VN-202511250964.html\" title=\"Ce que l&#039;on sait des quatre nouvelles interpellations un mois apr\u00e8s le casse au Louvre\" target=\"_blank\" rel=\"noopener\"><img width=\"16\" height=\"9\" class=\"lozad\"  alt=\"Ce que l'on sait des quatre nouvelles interpellations un mois apr\u00e8s le casse au Louvre\"\/>1:29Ce que l&rsquo;on sait des quatre nouvelles interpellations un mois apr\u00e8s le casse au Louvre<\/a><a href=\"https:\/\/www.bfmtv.com\/politique\/gouvernement\/video-violences-faites-aux-femmes-la-ministre-aurore-berge-face-au-bilan-du-gouvernement-a-retrouver-en-integralite-sur-youtube_VN-202511250962.html\" title=\"Violences faites aux femmes: la ministre Aurore Berg\u00e9 face au bilan du gouvernement, \u00e0 retrouver en int\u00e9gralit\u00e9 sur Youtube \" target=\"_blank\" rel=\"noopener\"><img width=\"16\" height=\"9\" class=\"lozad\"  alt=\"Violences faites aux femmes: la ministre Aurore Berg\u00e9 face au bilan du gouvernement, \u00e0 retrouver en int\u00e9gralit\u00e9 sur Youtube \"\/>1:23Violences faites aux femmes: la ministre Aurore Berg\u00e9 face au bilan du gouvernement, \u00e0 retrouver en int\u00e9gralit\u00e9 sur Youtube<\/a><a href=\"https:\/\/www.bfmtv.com\/lyon\/replay-emissions\/bonsoir-lyon\/video-aci-group-15-jours-de-sursis_VN-202511250937.html\" title=\"ACI Group : 15 jours de sursis\" target=\"_blank\" rel=\"noopener\"><img width=\"16\" height=\"9\" class=\"lozad\"  alt=\"ACI Group : 15 jours de sursis\"\/>1:54ACI Group : 15 jours de sursis<\/a><a href=\"https:\/\/www.bfmtv.com\/police-justice\/video-foire-de-vesoul-jordan-bardella-enfarine-un-jeune-homme-interpelle-et-place-en-garde-a-vue_VN-202511250925.html\" title=\"Foire de Vesoul: Jordan Bardella enfarin\u00e9, un jeune homme interpell\u00e9 et plac\u00e9 en garde \u00e0 vue\" target=\"_blank\" rel=\"noopener\"><img width=\"16\" height=\"9\" class=\"lozad\"  alt=\"Foire de Vesoul: Jordan Bardella enfarin\u00e9, un jeune homme interpell\u00e9 et plac\u00e9 en garde \u00e0 vue\"\/>3:12Foire de Vesoul: Jordan Bardella enfarin\u00e9, un jeune homme interpell\u00e9 et plac\u00e9 en garde \u00e0 vue<\/a><a href=\"https:\/\/www.bfmtv.com\/replay-emissions\/bfm-story\/video-marschall-truchot-jordan-bardella-enfarine-a-la-foire-de-vesoul-25-11_VN-202511250920.html\" title=\"Marschall Truchot : Jordan Bardella enfarin\u00e9 \u00e0 la foire de Vesoul - 25\/11\" target=\"_blank\" rel=\"noopener\"><img width=\"16\" height=\"9\" class=\"lozad\"  alt=\"Marschall Truchot : Jordan Bardella enfarin\u00e9 \u00e0 la foire de Vesoul - 25\/11\"\/>3:26Marschall Truchot : Jordan Bardella enfarin\u00e9 \u00e0 la foire de Vesoul &#8211; 25\/11<\/a><a href=\"https:\/\/www.bfmtv.com\/politique\/video-casse-du-louvre-une-serie-de-moyens-supplementaires-doit-etre-donnee-au-musee-affirme-alexis-corbiere_VN-202511250800.html\" title=\"Casse du Louvre: &quot;Une s\u00e9rie de moyens suppl\u00e9mentaires doit \u00eatre donn\u00e9e au mus\u00e9e&quot;, affirme Alexis Corbi\u00e8re\" target=\"_blank\" rel=\"noopener\"><img width=\"16\" height=\"9\" class=\"lozad\"  alt=\"Casse du Louvre: &quot;Une s\u00e9rie de moyens suppl\u00e9mentaires doit \u00eatre donn\u00e9e au mus\u00e9e&quot;, affirme Alexis Corbi\u00e8re\"\/>2:55Casse du Louvre: \u00ab\u00a0Une s\u00e9rie de moyens suppl\u00e9mentaires doit \u00eatre donn\u00e9e au mus\u00e9e\u00a0\u00bb, affirme Alexis Corbi\u00e8re<\/a><a class=\"jumpToVideo\" target=\"_blank\"><img class=\"thumbnailPreview\"\/><\/a><\/p>\n","protected":false},"excerpt":{"rendered":"Casse au Louvre: un rapport de 2018 pointait d\u00e9j\u00e0 la vuln\u00e9rabilit\u00e9 du balcon par lequel les voleurs sont&hellip;\n","protected":false},"author":2,"featured_media":559695,"comment_status":"","ping_status":"","sticky":false,"template":"","format":"standard","meta":{"footnotes":""},"categories":[1358],"tags":[1348,1384,1385,1386,58,59,1011,27],"class_list":{"0":"post-559694","1":"post","2":"type-post","3":"status-publish","4":"format-standard","5":"has-post-thumbnail","7":"category-arts-et-design","8":"tag-arts","9":"tag-arts-and-design","10":"tag-arts-et-design","11":"tag-design","12":"tag-divertissement","13":"tag-entertainment","14":"tag-fr","15":"tag-france"},"share_on_mastodon":{"url":"https:\/\/pubeurope.com\/@fr\/115615440814229822","error":""},"_links":{"self":[{"href":"https:\/\/www.europesays.com\/fr\/wp-json\/wp\/v2\/posts\/559694","targetHints":{"allow":["GET"]}}],"collection":[{"href":"https:\/\/www.europesays.com\/fr\/wp-json\/wp\/v2\/posts"}],"about":[{"href":"https:\/\/www.europesays.com\/fr\/wp-json\/wp\/v2\/types\/post"}],"author":[{"embeddable":true,"href":"https:\/\/www.europesays.com\/fr\/wp-json\/wp\/v2\/users\/2"}],"replies":[{"embeddable":true,"href":"https:\/\/www.europesays.com\/fr\/wp-json\/wp\/v2\/comments?post=559694"}],"version-history":[{"count":0,"href":"https:\/\/www.europesays.com\/fr\/wp-json\/wp\/v2\/posts\/559694\/revisions"}],"wp:featuredmedia":[{"embeddable":true,"href":"https:\/\/www.europesays.com\/fr\/wp-json\/wp\/v2\/media\/559695"}],"wp:attachment":[{"href":"https:\/\/www.europesays.com\/fr\/wp-json\/wp\/v2\/media?parent=559694"}],"wp:term":[{"taxonomy":"category","embeddable":true,"href":"https:\/\/www.europesays.com\/fr\/wp-json\/wp\/v2\/categories?post=559694"},{"taxonomy":"post_tag","embeddable":true,"href":"https:\/\/www.europesays.com\/fr\/wp-json\/wp\/v2\/tags?post=559694"}],"curies":[{"name":"wp","href":"https:\/\/api.w.org\/{rel}","templated":true}]}}