{"id":559696,"date":"2025-11-26T10:07:13","date_gmt":"2025-11-26T10:07:13","guid":{"rendered":"https:\/\/www.europesays.com\/fr\/559696\/"},"modified":"2025-11-26T10:07:13","modified_gmt":"2025-11-26T10:07:13","slug":"audiences-20h45-la-3e-partie-de-quotidien-sur-tmc-et-celle-de-tout-beau-tout-neuf-sur-w9-a-quasi-egalite-hier-soir-a-17-million-de-telespectateurs","status":"publish","type":"post","link":"https:\/\/www.europesays.com\/fr\/559696\/","title":{"rendered":"Audiences 20h45: La 3e partie de \u00ab\u00a0Quotidien\u00a0\u00bb sur TMC et celle de \u00ab\u00a0Tout beau, tout neuf\u00a0\u00bb sur W9 \u00e0 quasi \u00e9galit\u00e9 hier soir \u00e0 1,7 million de t\u00e9l\u00e9spectateurs"},"content":{"rendered":"<p>;Sur TF1, Nicolas Canteloup \u00e9tait aux c\u00f4t\u00e9s de la journaliste H\u00e9l\u00e8ne Mannarino pour \u00ab\u00a0C\u2019est Canteloup\u00a0\u00bb.\u00a0<\/p>\n<p>Sur France 2, les t\u00e9l\u00e9spectateurs ont pu retrouver la 2e partie du journal de 20h, pr\u00e9sent\u00e9 par L\u00e9a Salam\u00e9. Sur France 3, un nouvel \u00e9pisode de la s\u00e9rie \u00ab\u00a0Un si grand soleil\u00a0\u00bb \u00e9tait programm\u00e9 face \u00e0 \u00ab\u00a0Sc\u00e8nes de m\u00e9nages\u00a0\u00bb sur M6.\u00a0<\/p>\n<p>Sur France 5, Anne-Elisabeth Lemoine, entour\u00e9e de son \u00e9quipe, proposait un num\u00e9ro de \u00ab\u00a0C \u00e0 vous\u00a0\u00bb. Cette saison, la journaliste sera aux commandes du programme du lundi au jeudi, laissant sa place \u00e0 Mohamed Bouhafsi le vendredi et le samedi.<\/p>\n<p>En face, c&rsquo;est Yann Barth\u00e8s et son \u00e9quipe qui occupaient l&rsquo;access de TMC pour une nouvelle saison de \u00ab\u00a0Quotidien\u00a0\u00bb. Chaque soir, Yann Barth\u00e8s \u00e9voque l\u2019actualit\u00e9 du jour avec ses journalistes, des invit\u00e9s et des reportages pour \u00e9clairer le monde qui nous entoure.<\/p>\n<p>A 18H45 chaque jour, Cyril Hanouna donne rendez-vous \u00e0 ses \u00ab\u00a0fanzouzes\u00a0\u00bb pour son \u00e9mission \u00ab\u00a0Tout beau tout 9\u00a0\u00bb sur W9. L&rsquo;animateur est accompagn\u00e9 de chroniqueurs sur son plateau.\u00a0<\/p>\n<p>        Le JT de 20h &#8211; 2\u00e8me partie<br \/>\n        18.2 % de PDA\n        <\/p>\n<p>        3 515 000<\/p>\n<p>        Un si grand soleil<br \/>\n        13.7 % de PDA\n        <\/p>\n<p>        2 669 000<\/p>\n<p>        C&rsquo;est Canteloup<br \/>\n        13.5 % de PDA\n        <\/p>\n<p>        2 614 000<\/p>\n<p>        Sc\u00e8nes de m\u00e9nages<br \/>\n        12.8 % de PDA\n        <\/p>\n<p>        2 492 000<\/p>\n<p>        Tout beau tout 9 &#8211; 3e partie<br \/>\n        8.7 % de PDA\n        <\/p>\n<p>        1 700 000<\/p>\n<p>        Quotidien &#8211; 3e partie<br \/>\n        8.7 % de PDA\n        <\/p>\n<p>        1 680 000<\/p>\n<p>        C \u00e0 vous, la suite &#8211; 2e partie<br \/>\n        5.8 % de PDA\n        <\/p>\n<p>        1 137 000<\/p>\n<p>  Le Top des parts de march\u00e9<\/p>\n","protected":false},"excerpt":{"rendered":";Sur TF1, Nicolas Canteloup \u00e9tait aux c\u00f4t\u00e9s de la journaliste H\u00e9l\u00e8ne Mannarino pour \u00ab\u00a0C\u2019est Canteloup\u00a0\u00bb.\u00a0 Sur France 2,&hellip;\n","protected":false},"author":2,"featured_media":559697,"comment_status":"","ping_status":"","sticky":false,"template":"","format":"standard","meta":{"footnotes":""},"categories":[1356],"tags":[2367,58,59,1011,27,1404,252,8648,1364],"class_list":{"0":"post-559696","1":"post","2":"type-post","3":"status-publish","4":"format-standard","5":"has-post-thumbnail","7":"category-television","8":"tag-audiences","9":"tag-divertissement","10":"tag-entertainment","11":"tag-fr","12":"tag-france","13":"tag-quotidien","14":"tag-television","15":"tag-tmc","16":"tag-tv"},"share_on_mastodon":{"url":"https:\/\/pubeurope.com\/@fr\/115615448803087880","error":""},"_links":{"self":[{"href":"https:\/\/www.europesays.com\/fr\/wp-json\/wp\/v2\/posts\/559696","targetHints":{"allow":["GET"]}}],"collection":[{"href":"https:\/\/www.europesays.com\/fr\/wp-json\/wp\/v2\/posts"}],"about":[{"href":"https:\/\/www.europesays.com\/fr\/wp-json\/wp\/v2\/types\/post"}],"author":[{"embeddable":true,"href":"https:\/\/www.europesays.com\/fr\/wp-json\/wp\/v2\/users\/2"}],"replies":[{"embeddable":true,"href":"https:\/\/www.europesays.com\/fr\/wp-json\/wp\/v2\/comments?post=559696"}],"version-history":[{"count":0,"href":"https:\/\/www.europesays.com\/fr\/wp-json\/wp\/v2\/posts\/559696\/revisions"}],"wp:featuredmedia":[{"embeddable":true,"href":"https:\/\/www.europesays.com\/fr\/wp-json\/wp\/v2\/media\/559697"}],"wp:attachment":[{"href":"https:\/\/www.europesays.com\/fr\/wp-json\/wp\/v2\/media?parent=559696"}],"wp:term":[{"taxonomy":"category","embeddable":true,"href":"https:\/\/www.europesays.com\/fr\/wp-json\/wp\/v2\/categories?post=559696"},{"taxonomy":"post_tag","embeddable":true,"href":"https:\/\/www.europesays.com\/fr\/wp-json\/wp\/v2\/tags?post=559696"}],"curies":[{"name":"wp","href":"https:\/\/api.w.org\/{rel}","templated":true}]}}